{"id":96638,"date":"2016-11-30T12:04:24","date_gmt":"2016-11-30T10:04:24","guid":{"rendered":"http:\/\/www.sana.sy\/tr\/?p=96638"},"modified":"2016-11-30T13:06:32","modified_gmt":"2016-11-30T11:06:32","slug":"baskani-hediye-abbas-baskanliginda-bugun-toplanan-halk-meclisi-2017-devlet-genel-butcesine-iliskin-kanun-tasarisini-onayladi","status":"publish","type":"post","link":"https:\/\/archive.sana.sy\/tr\/?p=96638","title":{"rendered":"Ba\u015fkan\u0131 Hediye Abbas ba\u015fkanl\u0131\u011f\u0131nda bug\u00fcn toplanan Halk Meclisi, 2017 devlet genel b\u00fct\u00e7esine ili\u015fkin kanun tasar\u0131s\u0131n\u0131 onaylad\u0131"},"content":{"rendered":"<p>Ba\u015fkan\u0131 Hediye Abbas ba\u015fkanl\u0131\u011f\u0131nda bug\u00fcn toplanan Halk Meclisi, 2017 devlet genel b\u00fct\u00e7esine ili\u015fkin kanun tasar\u0131s\u0131n\u0131 onaylad\u0131<\/p>\n","protected":false},"excerpt":{"rendered":"<p>Ba\u015fkan\u0131 Hediye Abbas ba\u015fkanl\u0131\u011f\u0131nda bug\u00fcn toplanan Halk Meclisi, 2017 devlet genel b\u00fct\u00e7esine ili\u015fkin kanun tasar\u0131s\u0131n\u0131 onaylad\u0131<\/p>\n","protected":false},"author":1,"featured_media":0,"comment_status":"closed","ping_status":"closed","sticky":false,"template":"","format":"standard","meta":{"footnotes":""},"categories":[17991],"tags":[],"class_list":["post-96638","post","type-post","status-publish","format-standard","","category-son-dakika"],"_links":{"self":[{"href":"https:\/\/archive.sana.sy\/tr\/index.php?rest_route=\/wp\/v2\/posts\/96638","targetHints":{"allow":["GET"]}}],"collection":[{"href":"https:\/\/archive.sana.sy\/tr\/index.php?rest_route=\/wp\/v2\/posts"}],"about":[{"href":"https:\/\/archive.sana.sy\/tr\/index.php?rest_route=\/wp\/v2\/types\/post"}],"author":[{"embeddable":true,"href":"https:\/\/archive.sana.sy\/tr\/index.php?rest_route=\/wp\/v2\/users\/1"}],"replies":[{"embeddable":true,"href":"https:\/\/archive.sana.sy\/tr\/index.php?rest_route=%2Fwp%2Fv2%2Fcomments&post=96638"}],"version-history":[{"count":0,"href":"https:\/\/archive.sana.sy\/tr\/index.php?rest_route=\/wp\/v2\/posts\/96638\/revisions"}],"wp:attachment":[{"href":"https:\/\/archive.sana.sy\/tr\/index.php?rest_route=%2Fwp%2Fv2%2Fmedia&parent=96638"}],"wp:term":[{"taxonomy":"category","embeddable":true,"href":"https:\/\/archive.sana.sy\/tr\/index.php?rest_route=%2Fwp%2Fv2%2Fcategories&post=96638"},{"taxonomy":"post_tag","embeddable":true,"href":"https:\/\/archive.sana.sy\/tr\/index.php?rest_route=%2Fwp%2Fv2%2Ftags&post=96638"}],"curies":[{"name":"wp","href":"https:\/\/api.w.org\/{rel}","templated":true}]}}