{"id":96645,"date":"2016-11-30T09:30:22","date_gmt":"2016-11-30T07:30:22","guid":{"rendered":"http:\/\/www.sana.sy\/tr\/?p=96645"},"modified":"2016-12-02T18:35:17","modified_gmt":"2016-12-02T16:35:17","slug":"moskova-ankaradan-aciklama-bekliyor","status":"publish","type":"post","link":"https:\/\/archive.sana.sy\/tr\/?p=96645","title":{"rendered":"Moskova Ankara\u2019dan A\u00e7\u0131klama Bekliyor"},"content":{"rendered":"<p>MOSKOVA \u2013 Rusya Ba\u015fkanl\u0131k Saray\u0131 Kremlin; T\u00fcrkiye&#8217;de ihvanc\u0131 rejim ba\u015fkan\u0131 Recep Tayip Erdo\u011fan\u2019\u0131n, \u2018Suriye cumhurba\u015fkan\u0131\u2019 hakk\u0131nda konu\u015ftu\u011fu son s\u00f6zler hakk\u0131nda a\u00e7\u0131klama bekledi\u011fini vurgularken bu a\u00e7\u0131klamalar\u0131n, Rusya&#8217;n\u0131n Suriye&#8217;de ya\u015fananlara ili\u015fkin vizyonuyla uyu\u015fmad\u0131\u011f\u0131n\u0131 vurgulad\u0131.<\/p>\n<p>Kremlinin s\u00f6zc\u00fcs\u00fc Dmitry Peskov bug\u00fcn yapt\u0131\u011f\u0131 bas\u0131n a\u00e7\u0131klamalar\u0131nda Moskova&#8217;n\u0131n; Erdo\u011fan\u2019\u0131n \u2018Esad\u2019\u0131n y\u00f6netimine son verme amac\u0131yla Suriye&#8217;ye girdik\u2019 a\u00e7\u0131klamalar\u0131 konusunda Ankara\u2019dan a\u00e7\u0131klama yapmas\u0131n\u0131 bekledi\u011fini vurgulad\u0131.<\/p>\n","protected":false},"excerpt":{"rendered":"<p>MOSKOVA \u2013 Rusya Ba\u015fkanl\u0131k Saray\u0131 Kremlin; T\u00fcrkiye&#8217;de ihvanc\u0131 rejim ba\u015fkan\u0131 Recep Tayip Erdo\u011fan\u2019\u0131n, \u2018Suriye cumhurba\u015fkan\u0131\u2019 hakk\u0131nda konu\u015ftu\u011fu son s\u00f6zler hakk\u0131nda a\u00e7\u0131klama bekledi\u011fini vurgularken bu a\u00e7\u0131klamalar\u0131n, Rusya&#8217;n\u0131n Suriye&#8217;de ya\u015fananlara ili\u015fkin vizyonuyla uyu\u015fmad\u0131\u011f\u0131n\u0131 vurgulad\u0131. Kremlinin s\u00f6zc\u00fcs\u00fc Dmitry Peskov bug\u00fcn yapt\u0131\u011f\u0131 bas\u0131n a\u00e7\u0131klamalar\u0131nda Moskova&#8217;n\u0131n; Erdo\u011fan\u2019\u0131n \u2018Esad\u2019\u0131n y\u00f6netimine son verme amac\u0131yla Suriye&#8217;ye girdik\u2019 a\u00e7\u0131klamalar\u0131 konusunda Ankara\u2019dan a\u00e7\u0131klama yapmas\u0131n\u0131 bekledi\u011fini &hellip;<\/p>\n","protected":false},"author":1,"featured_media":96646,"comment_status":"closed","ping_status":"closed","sticky":false,"template":"","format":"standard","meta":{"footnotes":""},"categories":[458,459,17988],"tags":[25618,25617,18312,17036,25619,17096,19323,25616],"class_list":["post-96645","post","type-post","status-publish","format-standard","has-post-thumbnail","","category-dunya1","category-haberler-arap-uluslararasi-politika","category-son-haberler","tag-ankaradan-aciklama","tag-dmitry-pesko","tag-kremlin","tag-moskova","tag-moskova-ankaradan-aciklama-bekliyor","tag-recep-tayip-erdogan","tag-rusya-baskanlik-sarayi","tag-turkiye-suriye"],"_links":{"self":[{"href":"https:\/\/archive.sana.sy\/tr\/index.php?rest_route=\/wp\/v2\/posts\/96645","targetHints":{"allow":["GET"]}}],"collection":[{"href":"https:\/\/archive.sana.sy\/tr\/index.php?rest_route=\/wp\/v2\/posts"}],"about":[{"href":"https:\/\/archive.sana.sy\/tr\/index.php?rest_route=\/wp\/v2\/types\/post"}],"author":[{"embeddable":true,"href":"https:\/\/archive.sana.sy\/tr\/index.php?rest_route=\/wp\/v2\/users\/1"}],"replies":[{"embeddable":true,"href":"https:\/\/archive.sana.sy\/tr\/index.php?rest_route=%2Fwp%2Fv2%2Fcomments&post=96645"}],"version-history":[{"count":0,"href":"https:\/\/archive.sana.sy\/tr\/index.php?rest_route=\/wp\/v2\/posts\/96645\/revisions"}],"wp:featuredmedia":[{"embeddable":true,"href":"https:\/\/archive.sana.sy\/tr\/index.php?rest_route=\/wp\/v2\/media\/96646"}],"wp:attachment":[{"href":"https:\/\/archive.sana.sy\/tr\/index.php?rest_route=%2Fwp%2Fv2%2Fmedia&parent=96645"}],"wp:term":[{"taxonomy":"category","embeddable":true,"href":"https:\/\/archive.sana.sy\/tr\/index.php?rest_route=%2Fwp%2Fv2%2Fcategories&post=96645"},{"taxonomy":"post_tag","embeddable":true,"href":"https:\/\/archive.sana.sy\/tr\/index.php?rest_route=%2Fwp%2Fv2%2Ftags&post=96645"}],"curies":[{"name":"wp","href":"https:\/\/api.w.org\/{rel}","templated":true}]}}