{"id":96648,"date":"2016-11-30T12:22:41","date_gmt":"2016-11-30T10:22:41","guid":{"rendered":"http:\/\/www.sana.sy\/tr\/?p=96648"},"modified":"2016-11-30T13:47:08","modified_gmt":"2016-11-30T11:47:08","slug":"rusya-baskanlik-sarayi-kremlin-turkiyede-ihvanci-rejim-baskani-recep-tayip-erdoganin-suriye-cumhurbaskani-hakkinda-konustugu-son-sozler-hakkinda-aciklama-bekledigini-vur","status":"publish","type":"post","link":"https:\/\/archive.sana.sy\/tr\/?p=96648","title":{"rendered":"Rusya Ba\u015fkanl\u0131k Saray\u0131 Kremlin; T\u00fcrkiye&#8217;de ihvanc\u0131 rejim ba\u015fkan\u0131 Recep Tayip Erdo\u011fan\u2019\u0131n, \u2018Suriye cumhurba\u015fkan\u0131\u2019 hakk\u0131nda konu\u015ftu\u011fu son s\u00f6zler hakk\u0131nda a\u00e7\u0131klama bekledi\u011fini vurgularken bu a\u00e7\u0131klamalar\u0131n, Rusya&#8217;n\u0131n Suriye&#8217;de ya\u015fananlara ili\u015fkin vizyonuyla uyu\u015fmad\u0131\u011f\u0131n\u0131 vurgulad\u0131"},"content":{"rendered":"<p>Rusya Ba\u015fkanl\u0131k Saray\u0131 Kremlin; T\u00fcrkiye&#8217;de ihvanc\u0131 rejim ba\u015fkan\u0131 Recep Tayip Erdo\u011fan\u2019\u0131n, \u2018Suriye cumhurba\u015fkan\u0131\u2019 hakk\u0131nda konu\u015ftu\u011fu son s\u00f6zler hakk\u0131nda a\u00e7\u0131klama bekledi\u011fini vurgularken bu a\u00e7\u0131klamalar\u0131n, Rusya&#8217;n\u0131n Suriye&#8217;de ya\u015fananlara ili\u015fkin vizyonuyla uyu\u015fmad\u0131\u011f\u0131n\u0131 vurgulad\u0131<\/p>\n","protected":false},"excerpt":{"rendered":"<p>Rusya Ba\u015fkanl\u0131k Saray\u0131 Kremlin; T\u00fcrkiye&#8217;de ihvanc\u0131 rejim ba\u015fkan\u0131 Recep Tayip Erdo\u011fan\u2019\u0131n, \u2018Suriye cumhurba\u015fkan\u0131\u2019 hakk\u0131nda konu\u015ftu\u011fu son s\u00f6zler hakk\u0131nda a\u00e7\u0131klama bekledi\u011fini vurgularken bu a\u00e7\u0131klamalar\u0131n, Rusya&#8217;n\u0131n Suriye&#8217;de ya\u015fananlara ili\u015fkin vizyonuyla uyu\u015fmad\u0131\u011f\u0131n\u0131 vurgulad\u0131<\/p>\n","protected":false},"author":1,"featured_media":0,"comment_status":"closed","ping_status":"closed","sticky":false,"template":"","format":"standard","meta":{"footnotes":""},"categories":[17991],"tags":[],"class_list":["post-96648","post","type-post","status-publish","format-standard","","category-son-dakika"],"_links":{"self":[{"href":"https:\/\/archive.sana.sy\/tr\/index.php?rest_route=\/wp\/v2\/posts\/96648","targetHints":{"allow":["GET"]}}],"collection":[{"href":"https:\/\/archive.sana.sy\/tr\/index.php?rest_route=\/wp\/v2\/posts"}],"about":[{"href":"https:\/\/archive.sana.sy\/tr\/index.php?rest_route=\/wp\/v2\/types\/post"}],"author":[{"embeddable":true,"href":"https:\/\/archive.sana.sy\/tr\/index.php?rest_route=\/wp\/v2\/users\/1"}],"replies":[{"embeddable":true,"href":"https:\/\/archive.sana.sy\/tr\/index.php?rest_route=%2Fwp%2Fv2%2Fcomments&post=96648"}],"version-history":[{"count":0,"href":"https:\/\/archive.sana.sy\/tr\/index.php?rest_route=\/wp\/v2\/posts\/96648\/revisions"}],"wp:attachment":[{"href":"https:\/\/archive.sana.sy\/tr\/index.php?rest_route=%2Fwp%2Fv2%2Fmedia&parent=96648"}],"wp:term":[{"taxonomy":"category","embeddable":true,"href":"https:\/\/archive.sana.sy\/tr\/index.php?rest_route=%2Fwp%2Fv2%2Fcategories&post=96648"},{"taxonomy":"post_tag","embeddable":true,"href":"https:\/\/archive.sana.sy\/tr\/index.php?rest_route=%2Fwp%2Fv2%2Ftags&post=96648"}],"curies":[{"name":"wp","href":"https:\/\/api.w.org\/{rel}","templated":true}]}}