{"id":9665,"date":"2014-09-11T10:41:03","date_gmt":"2014-09-11T07:41:03","guid":{"rendered":"http:\/\/www.sana.sy\/tr\/?p=9665"},"modified":"2014-09-11T10:41:03","modified_gmt":"2014-09-11T07:41:03","slug":"suud-ailesi-rejimi-sozde-suriyedeki-iliman-muhalefeti-topraklari-uzerinde-egitiyor","status":"publish","type":"post","link":"https:\/\/archive.sana.sy\/tr\/?p=9665","title":{"rendered":"Suud Ailesi Rejimi S\u00f6zde Suriye\u2019deki Il\u0131man Muhalefeti Topraklar\u0131 \u00dczerinde E\u011fitiyor"},"content":{"rendered":"<p>WASH\u0130NGTON \u2013 Amerikal\u0131 yetkililer Suud Ailesi rejiminin Suriye\u2019de s\u00f6zde \u201c\u0131l\u0131man muhalefet\u201d olarak adland\u0131rd\u0131klar\u0131 ter\u00f6ristlerin e\u011fitim kamplar\u0131na ev sahipli\u011fi yapmas\u0131n\u0131 kabul eti\u011fini ortaya \u00e7\u0131kard\u0131.<\/p>\n<p>D\u00fcnyada ter\u00f6ristlerin ba\u015f finans\u00f6r\u00fc ve destekleyicisi Suud ailesi rejiminin s\u00f6z konusu onay\u0131, Amerika Ba\u015fkan\u0131 Barack Obama\u2019n\u0131n iddia etti\u011fi I\u015e\u0130D ter\u00f6r \u00f6rg\u00fct\u00fcne kar\u015f\u0131 sava\u015f a\u00e7mas\u0131 ve her hangi bir yerde hedef alma stratejisini a\u00e7\u0131klamas\u0131ndan sonra geldi.<\/p>\n<p>Amerikal\u0131 New York Times gazetesi, Amerikan y\u00f6netiminde bariz bir yetkiliden naklen, Suudi Arabistan\u2019dan bu \u00e7abalar do\u011frultusunda e\u011fitim program\u0131na ev sahipli\u011fi dahil bizimle tam ortak olma taahh\u00fcd\u00fc ald\u0131klar\u0131n\u0131 ifade etti<\/p>\n<p>Gazete, s\u00f6zde \u201c\u0131l\u0131man muhalefet\u201d i\u00e7in e\u011fitim kamplar\u0131n\u0131n mevkii hakk\u0131ndaki ayr\u0131nt\u0131lar ve muayyen mevkinin belirlenmesi i\u00e7in halihaz\u0131rda g\u00f6r\u00fc\u015fmelerin yap\u0131ld\u0131\u011f\u0131n\u0131 belirtti\u011fine dikkat \u00e7ekti.<\/p>\n<p>Kendi y\u00f6n\u00fcnden Beyaz saray yay\u0131nlad\u0131\u011f\u0131 beyanda, Obama\u2019n\u0131n Suud Kral\u0131n\u0131 telefonla arayarak her ikisinin \u201c\u0131l\u0131man muhalefetin\u201d silahland\u0131r\u0131lmas\u0131 ve e\u011fitiminin artt\u0131r\u0131lmas\u0131 zorunlulu\u011fu \u00fczerinde ittifaka vard\u0131klar\u0131n\u0131 belirtti.<\/p>\n<p>&nbsp;<\/p>\n","protected":false},"excerpt":{"rendered":"<p>WASH\u0130NGTON \u2013 Amerikal\u0131 yetkililer Suud Ailesi rejiminin Suriye\u2019de s\u00f6zde \u201c\u0131l\u0131man muhalefet\u201d olarak adland\u0131rd\u0131klar\u0131 ter\u00f6ristlerin e\u011fitim kamplar\u0131na ev sahipli\u011fi yapmas\u0131n\u0131 kabul eti\u011fini ortaya \u00e7\u0131kard\u0131. D\u00fcnyada ter\u00f6ristlerin ba\u015f finans\u00f6r\u00fc ve destekleyicisi Suud ailesi rejiminin s\u00f6z konusu onay\u0131, Amerika Ba\u015fkan\u0131 Barack Obama\u2019n\u0131n iddia etti\u011fi I\u015e\u0130D ter\u00f6r \u00f6rg\u00fct\u00fcne kar\u015f\u0131 sava\u015f a\u00e7mas\u0131 ve her hangi bir yerde hedef alma stratejisini &hellip;<\/p>\n","protected":false},"author":1,"featured_media":9666,"comment_status":"closed","ping_status":"closed","sticky":false,"template":"","format":"standard","meta":{"footnotes":""},"categories":[458,459,447],"tags":[2179],"class_list":["post-9665","post","type-post","status-publish","format-standard","has-post-thumbnail","","category-dunya1","category-haberler-arap-uluslararasi-politika","category-politika","tag-suud-ailesi-rejimi-sozde-suriyedeki-iliman-muhalefeti-topraklari-uzerinde-egitiyor"],"_links":{"self":[{"href":"https:\/\/archive.sana.sy\/tr\/index.php?rest_route=\/wp\/v2\/posts\/9665","targetHints":{"allow":["GET"]}}],"collection":[{"href":"https:\/\/archive.sana.sy\/tr\/index.php?rest_route=\/wp\/v2\/posts"}],"about":[{"href":"https:\/\/archive.sana.sy\/tr\/index.php?rest_route=\/wp\/v2\/types\/post"}],"author":[{"embeddable":true,"href":"https:\/\/archive.sana.sy\/tr\/index.php?rest_route=\/wp\/v2\/users\/1"}],"replies":[{"embeddable":true,"href":"https:\/\/archive.sana.sy\/tr\/index.php?rest_route=%2Fwp%2Fv2%2Fcomments&post=9665"}],"version-history":[{"count":0,"href":"https:\/\/archive.sana.sy\/tr\/index.php?rest_route=\/wp\/v2\/posts\/9665\/revisions"}],"wp:featuredmedia":[{"embeddable":true,"href":"https:\/\/archive.sana.sy\/tr\/index.php?rest_route=\/wp\/v2\/media\/9666"}],"wp:attachment":[{"href":"https:\/\/archive.sana.sy\/tr\/index.php?rest_route=%2Fwp%2Fv2%2Fmedia&parent=9665"}],"wp:term":[{"taxonomy":"category","embeddable":true,"href":"https:\/\/archive.sana.sy\/tr\/index.php?rest_route=%2Fwp%2Fv2%2Fcategories&post=9665"},{"taxonomy":"post_tag","embeddable":true,"href":"https:\/\/archive.sana.sy\/tr\/index.php?rest_route=%2Fwp%2Fv2%2Ftags&post=9665"}],"curies":[{"name":"wp","href":"https:\/\/api.w.org\/{rel}","templated":true}]}}