{"id":9668,"date":"2014-09-11T12:34:23","date_gmt":"2014-09-11T09:34:23","guid":{"rendered":"http:\/\/www.sana.sy\/tr\/?p=9668"},"modified":"2014-09-11T13:12:52","modified_gmt":"2014-09-11T10:12:52","slug":"filipinler-suriyeye-sukranlarini-dile-getirdi","status":"publish","type":"post","link":"https:\/\/archive.sana.sy\/tr\/?p=9668","title":{"rendered":"Filipinler Suriye\u2019ye \u015e\u00fckranlar\u0131n\u0131 Dile Getirdi"},"content":{"rendered":"<p>\u015eAM &#8211; Filipinler, Suriye\u2019nin Golan tepelerinde uluslararas\u0131 bar\u0131\u015f\u0131 koruma g\u00fcc\u00fc UNDOF\u2019ta g\u00f6rev yapan askerlerinin sorunlar\u0131n\u0131 bitirmedeki aktif rol\u00fcnden dolay\u0131 Suriye\u2019ye \u015f\u00fckranlar\u0131n\u0131 dile getirdi.<\/p>\n<p>Filipin h\u00fck\u00fcmetinin \u015eam\u2019daki B\u00fcy\u00fckel\u00e7ili\u011fi kanal\u0131yla, Suriye Arap Cumhuriyeti H\u00fck\u00fcmeti\u2019ne g\u00f6nderdi\u011fi mesajda, Golan tepelerinde UNDOF\u2019ta g\u00f6rev yapan askerlerini kurtarmak ve selametlerini garantiye alma yolunda harcad\u0131\u011f\u0131 \u00e7aba ve destekten dolay\u0131 Suriye\u2019ye \u015f\u00fckran ve iyi dileklerini ifade etti.<\/p>\n","protected":false},"excerpt":{"rendered":"<p>\u015eAM &#8211; Filipinler, Suriye\u2019nin Golan tepelerinde uluslararas\u0131 bar\u0131\u015f\u0131 koruma g\u00fcc\u00fc UNDOF\u2019ta g\u00f6rev yapan askerlerinin sorunlar\u0131n\u0131 bitirmedeki aktif rol\u00fcnden dolay\u0131 Suriye\u2019ye \u015f\u00fckranlar\u0131n\u0131 dile getirdi. Filipin h\u00fck\u00fcmetinin \u015eam\u2019daki B\u00fcy\u00fckel\u00e7ili\u011fi kanal\u0131yla, Suriye Arap Cumhuriyeti H\u00fck\u00fcmeti\u2019ne g\u00f6nderdi\u011fi mesajda, Golan tepelerinde UNDOF\u2019ta g\u00f6rev yapan askerlerini kurtarmak ve selametlerini garantiye alma yolunda harcad\u0131\u011f\u0131 \u00e7aba ve destekten dolay\u0131 Suriye\u2019ye \u015f\u00fckran ve iyi &hellip;<\/p>\n","protected":false},"author":1,"featured_media":9676,"comment_status":"closed","ping_status":"closed","sticky":false,"template":"","format":"standard","meta":{"footnotes":""},"categories":[458,459,447],"tags":[2180],"class_list":["post-9668","post","type-post","status-publish","format-standard","has-post-thumbnail","","category-dunya1","category-haberler-arap-uluslararasi-politika","category-politika","tag-filipinler-suriyeye-sukranlarini-dile-getirdi"],"_links":{"self":[{"href":"https:\/\/archive.sana.sy\/tr\/index.php?rest_route=\/wp\/v2\/posts\/9668","targetHints":{"allow":["GET"]}}],"collection":[{"href":"https:\/\/archive.sana.sy\/tr\/index.php?rest_route=\/wp\/v2\/posts"}],"about":[{"href":"https:\/\/archive.sana.sy\/tr\/index.php?rest_route=\/wp\/v2\/types\/post"}],"author":[{"embeddable":true,"href":"https:\/\/archive.sana.sy\/tr\/index.php?rest_route=\/wp\/v2\/users\/1"}],"replies":[{"embeddable":true,"href":"https:\/\/archive.sana.sy\/tr\/index.php?rest_route=%2Fwp%2Fv2%2Fcomments&post=9668"}],"version-history":[{"count":0,"href":"https:\/\/archive.sana.sy\/tr\/index.php?rest_route=\/wp\/v2\/posts\/9668\/revisions"}],"wp:featuredmedia":[{"embeddable":true,"href":"https:\/\/archive.sana.sy\/tr\/index.php?rest_route=\/wp\/v2\/media\/9676"}],"wp:attachment":[{"href":"https:\/\/archive.sana.sy\/tr\/index.php?rest_route=%2Fwp%2Fv2%2Fmedia&parent=9668"}],"wp:term":[{"taxonomy":"category","embeddable":true,"href":"https:\/\/archive.sana.sy\/tr\/index.php?rest_route=%2Fwp%2Fv2%2Fcategories&post=9668"},{"taxonomy":"post_tag","embeddable":true,"href":"https:\/\/archive.sana.sy\/tr\/index.php?rest_route=%2Fwp%2Fv2%2Ftags&post=9668"}],"curies":[{"name":"wp","href":"https:\/\/api.w.org\/{rel}","templated":true}]}}