{"id":96769,"date":"2016-12-01T16:26:10","date_gmt":"2016-12-01T14:26:10","guid":{"rendered":"http:\/\/www.sana.sy\/tr\/?p=96769"},"modified":"2016-12-02T17:56:05","modified_gmt":"2016-12-02T15:56:05","slug":"terorist-saldirilarini-cokerten-ordu-birliklerimiz-yeni-basarilara-da-imza-atiyor","status":"publish","type":"post","link":"https:\/\/archive.sana.sy\/tr\/?p=96769","title":{"rendered":"Ter\u00f6rist Sald\u0131r\u0131lar\u0131n\u0131 \u00c7\u00f6kerten Ordu Birliklerimiz Yeni Ba\u015far\u0131lara da \u0130mza At\u0131yor"},"content":{"rendered":"<p>DERA \u2013 Vatan\u0131n muhtelif b\u00f6lgelerinde askeri noktalara ve sivillere ter\u00f6r sald\u0131r\u0131lar\u0131n\u0131 \u00e7\u00f6kertip sald\u0131rganlar\u0131 a\u011f\u0131r kay\u0131plara u\u011fratan ordu birliklerimiz, bug\u00fcn de d\u0131\u015f g\u00fc\u00e7lerin deste\u011findeki bu \u00e7etelere kar\u015f\u0131 \u00f6nemli ba\u015far\u0131lar kaydetti.<\/p>\n<p>Dera\u2019da askeri bir kaynak ordu birliklerimizin \u0130srail\u2019den destek alan Nusra Cephesi ve m\u00fcttefikleri di\u011fer ter\u00f6r \u00f6rg\u00fctlerden az\u0131l\u0131 ter\u00f6ristlerin L\u00fcca B\u00f6lgesinde askeri noktalara sald\u0131rmalar\u0131n\u0131 engellediklerini belirtti. Kaynak \u00e7at\u0131\u015fmalarda \u00e7ok say\u0131da ter\u00f6ristin ara\u00e7 ve silahlar\u0131yla etkisizle\u015ftirilmeleri ard\u0131ndan sa\u011f kalanlar\u0131n ka\u00e7t\u0131klar\u0131n\u0131 ifade etti.<\/p>\n","protected":false},"excerpt":{"rendered":"<p>DERA \u2013 Vatan\u0131n muhtelif b\u00f6lgelerinde askeri noktalara ve sivillere ter\u00f6r sald\u0131r\u0131lar\u0131n\u0131 \u00e7\u00f6kertip sald\u0131rganlar\u0131 a\u011f\u0131r kay\u0131plara u\u011fratan ordu birliklerimiz, bug\u00fcn de d\u0131\u015f g\u00fc\u00e7lerin deste\u011findeki bu \u00e7etelere kar\u015f\u0131 \u00f6nemli ba\u015far\u0131lar kaydetti. Dera\u2019da askeri bir kaynak ordu birliklerimizin \u0130srail\u2019den destek alan Nusra Cephesi ve m\u00fcttefikleri di\u011fer ter\u00f6r \u00f6rg\u00fctlerden az\u0131l\u0131 ter\u00f6ristlerin L\u00fcca B\u00f6lgesinde askeri noktalara sald\u0131rmalar\u0131n\u0131 engellediklerini belirtti. Kaynak &hellip;<\/p>\n","protected":false},"author":1,"featured_media":96772,"comment_status":"closed","ping_status":"closed","sticky":false,"template":"","format":"standard","meta":{"footnotes":""},"categories":[575,17988],"tags":[3464,18365,23799,21046,18237,24003,18674,25645,11549,19043,22182],"class_list":["post-96769","post","type-post","status-publish","format-standard","has-post-thumbnail","","category-olaylar-ve-gercekler","category-son-haberler","tag-nusra-cephesi","tag-ahrar-el-sam","tag-ceysul-fetih","tag-ceysul-islam","tag-cihatcilar","tag-fetih-el-sam","tag-silahli-muhalifler","tag-suiriyeli-muhalifler","tag-suriye-ordusu","tag-suriyede-son-durum","tag-suriyede-savas"],"_links":{"self":[{"href":"https:\/\/archive.sana.sy\/tr\/index.php?rest_route=\/wp\/v2\/posts\/96769","targetHints":{"allow":["GET"]}}],"collection":[{"href":"https:\/\/archive.sana.sy\/tr\/index.php?rest_route=\/wp\/v2\/posts"}],"about":[{"href":"https:\/\/archive.sana.sy\/tr\/index.php?rest_route=\/wp\/v2\/types\/post"}],"author":[{"embeddable":true,"href":"https:\/\/archive.sana.sy\/tr\/index.php?rest_route=\/wp\/v2\/users\/1"}],"replies":[{"embeddable":true,"href":"https:\/\/archive.sana.sy\/tr\/index.php?rest_route=%2Fwp%2Fv2%2Fcomments&post=96769"}],"version-history":[{"count":0,"href":"https:\/\/archive.sana.sy\/tr\/index.php?rest_route=\/wp\/v2\/posts\/96769\/revisions"}],"wp:featuredmedia":[{"embeddable":true,"href":"https:\/\/archive.sana.sy\/tr\/index.php?rest_route=\/wp\/v2\/media\/96772"}],"wp:attachment":[{"href":"https:\/\/archive.sana.sy\/tr\/index.php?rest_route=%2Fwp%2Fv2%2Fmedia&parent=96769"}],"wp:term":[{"taxonomy":"category","embeddable":true,"href":"https:\/\/archive.sana.sy\/tr\/index.php?rest_route=%2Fwp%2Fv2%2Fcategories&post=96769"},{"taxonomy":"post_tag","embeddable":true,"href":"https:\/\/archive.sana.sy\/tr\/index.php?rest_route=%2Fwp%2Fv2%2Ftags&post=96769"}],"curies":[{"name":"wp","href":"https:\/\/api.w.org\/{rel}","templated":true}]}}