{"id":9677,"date":"2014-09-11T23:38:39","date_gmt":"2014-09-11T20:38:39","guid":{"rendered":"http:\/\/www.sana.sy\/tr\/?p=9677"},"modified":"2014-09-12T13:57:28","modified_gmt":"2014-09-12T10:57:28","slug":"silah-ve-cephane-dolu-botlari-batirildi-cok-sayida-terorist-olu-ve-yarali-dusuruldu","status":"publish","type":"post","link":"https:\/\/archive.sana.sy\/tr\/?p=9677","title":{"rendered":"Silah ve Cephane Dolu Botlar\u0131 Bat\u0131r\u0131ld\u0131 \u00c7ok Say\u0131da Ter\u00f6rist \u00d6l\u00fc ve Yaral\u0131 D\u00fc\u015f\u00fcr\u00fcld\u00fc"},"content":{"rendered":"<p>\u0130LLER \u2013 Ordu ve silahl\u0131 kuvvetlerimize tabi ordu birliklerimizin ter\u00f6r ve ter\u00f6rle m\u00fccadele kapsam\u0131nda muhtelif b\u00f6lgelerde d\u00fczenledi\u011fi ba\u015far\u0131l\u0131 operasyonlar\u0131n\u0131 s\u00fcrd\u00fcr\u00fcyor. Operasyonlarda h\u00fccreleri ve toplanma merkezleri hedef al\u0131narak \u00e7ok say\u0131da ter\u00f6rist \u00f6l\u00fc ve yaral\u0131 d\u00fc\u015f\u00fcr\u00fcl\u00fcrken ellerindeki silah, cephane ve te\u00e7hizat imha edildi.<\/p>\n<p><span style=\"color: #0000ff\">Homs K\u0131rsal\u0131nda Silah ve Cephane Dolu Botlar \u0130mha Edildi<\/span><\/p>\n<p>Askeri kaynak, ordu birliklerimizin Homs k\u0131rsal\u0131 Resten G\u00f6l\u00fcnde silah ve cephane dolu bir ka\u00e7 botu imha ederek bat\u0131rd\u0131\u011f\u0131n\u0131 Zara K\u00f6y\u00fc bat\u0131s\u0131nda kurduklar\u0131 pusu sonucunda, Um \u015eer\u015fuh ve Hilaliye Mezras\u0131nda \u00e7ok say\u0131da ter\u00f6risti \u00f6ld\u00fcrd\u00fcklerini belirtti.<\/p>\n<p>Bu arada SANA muhabiri Resten Ahalisinden naklen, yakla\u015f\u0131k 4 bin vatanda\u015f\u0131n d\u00fcn ak\u015fam silahl\u0131 ter\u00f6rist gruplar\u0131n kentlerinden \u00e7\u0131kmalar\u0131 i\u00e7in bir g\u00f6steri d\u00fczenlediklerini ifade etti.<\/p>\n<p>G\u00f6sterinin \u00d6meri Camii \u00f6n\u00fcnden kent meydan\u0131ndaki el E\u015ftar Evine do\u011fru y\u00fcr\u00fcd\u00fc\u011f\u00fcn\u00fc, g\u00f6steriye kat\u0131lanlar\u0131n silahl\u0131 ter\u00f6rist gruplar\u0131n i\u015fledi\u011fi su\u00e7lar\u0131 k\u0131nayarak s\u00f6z konusu ter\u00f6r gruplar\u0131n\u0131n kentlerinden \u00e7\u0131kmalar\u0131n\u0131 talep eden sloganlar att\u0131klar\u0131n\u0131 s\u00f6yledi.<\/p>\n<p>\u00d6te yandan Homs Valili\u011finde bir kaynak, b\u00f6lgedeki vatanda\u015flar\u0131n i\u015fbirli\u011fi ve uzun izlemeler ard\u0131ndan ordu birliklerimizin Homs k\u0131rsal\u0131 Tedmur Kentinin do\u011fusunda yer alan Telile Sit Alan\u0131 ve Uruk Baraj\u0131 aras\u0131nda d\u00fc\u015fen petrol boru hatlar\u0131na sald\u0131r\u0131 giri\u015fiminde bulunan bir ter\u00f6r grubunun t\u00fcm elemanlar\u0131n\u0131 \u00f6l\u00fc ve yaral\u0131 d\u00fc\u015f\u00fcrd\u00fcklerini s\u00f6yledi.<\/p>\n<p>Kaynak SANA muhabirine a\u00e7\u0131klamas\u0131nda, kahraman ordu birliklerimizin s\u00f6z konusu ter\u00f6r grubuyla \u00e7at\u0131\u015fmaya girdi\u011fini ifade ederek, \u00e7al\u0131nm\u0131\u015f iki petrol tank\u0131n\u0131 imha ettiklerini bir \u00fc\u00e7\u00fcnc\u00fcs\u00fcn\u00fc ve bir ara\u00e7lar\u0131n\u0131 da ele ge\u00e7irdiklerini belirtti.<\/p>\n<p><span style=\"color: #0000ff\">\u0130dlib K\u0131rsal\u0131nda Ter\u00f6ristlerin H\u00fccreleri Hedef Al\u0131nd\u0131<\/span><\/p>\n<p>Askeri kaynak ordu birliklerimizin \u0130dlib k\u0131rsal\u0131 Nahliye, Arbain Da\u011f\u0131 civar\u0131, \u015enan, Muarrat el Numan ve Hubannu\u015f b\u00f6lgelerinde ter\u00f6ristlerin k\u00fcmelenme yerleri ve karargahlar\u0131n\u0131 nitelikli operasyonlarla hedef almaya devam etti\u011fini belirtirken, operasyonlarda \u00e7ok say\u0131da ter\u00f6ristin su\u00e7 edatlar\u0131yla birlikte etkisiz hale getirildi\u011fini s\u00f6yledi.<\/p>\n<p>Kaynak, birliklerimizin \u0130dlib k\u0131rsal\u0131 Tel Selmo, \u015euveyhne, Kara el Gazal ve Abu el Zuhur\u2019da ter\u00f6ristlerin h\u00fccre ve toplanma merkezlerini hedef almalar\u0131 sonucunda \u00e7ok say\u0131da ter\u00f6risti \u00f6l\u00fc ve yaral\u0131 d\u00fc\u015f\u00fcrd\u00fcklerini s\u00f6yledi.<\/p>\n<p>Kunaytra K\u0131rsal\u0131nda \u00c7ok Say\u0131da Ter\u00f6rist \u00d6ld\u00fcr\u00fcld\u00fc<\/p>\n<p>Askeri kaynak, birliklerimizin Kunaytra k\u0131rsal\u0131 Breyka \u2013 Bi\u2019r el Acem yolu, Um Bat\u0131na, Meshara, Ruveyhine, Suveyse, Ayn el Tine ve M\u00fcmtenne\u2019de \u00e7ok say\u0131da ter\u00f6risti \u00f6l\u00fc ve yaral\u0131 d\u00fc\u015f\u00fcrd\u00fcklerini ellerindeki ara\u00e7lar\u0131 da imha ettiklerini s\u00f6yledi.<\/p>\n<p>Kaynak, birliklerimizin Kunaytra k\u0131rsal\u0131 Mecdolya, Deyr Maker K\u00f6y\u00fc, Hamrit Beldesi do\u011fusundaki Hurbat el Sultaniye, Tahine, Hicce, Akraba ve Nebi (kaynak) el Sahr\u2019da ter\u00f6ristlerin h\u00fccre ve toplanma merkezlerini hedef almalar\u0131 sonucunda \u00e7ok say\u0131da ter\u00f6risti \u00f6l\u00fc ve yaral\u0131 d\u00fc\u015f\u00fcrd\u00fcklerini belirtti.<\/p>\n<p>Kaynak, ordu birliklerimizim Kunaytira k\u0131rsal\u0131nda Neb el Sahr, Kefr \u015eems ve \u00dcmm el Avsec\u2019de \u00e7ok say\u0131da ter\u00f6risti \u00f6l\u00fc ve yaral\u0131 olarak d\u00fc\u015f\u00fcrd\u00fc\u011f\u00fcn\u00fc, Tliha beldesinde ise bir arac\u0131 i\u00e7erisindekilerle beraber havaya u\u00e7urdu\u011funu a\u00e7\u0131klad\u0131.<\/p>\n<p><span style=\"color: #0000ff\">\u015eam K\u0131rsal\u0131nda Toplanma Merkezleri Hedef Al\u0131nd\u0131<\/span><\/p>\n<p>Kaynak, ordu birliklerimizin \u015eam K\u0131rsal\u0131 Han el \u015eih mezralar\u0131nda ter\u00f6ristlerin toplanma merkezlerini hedef almalar\u0131 sonucunda \u00e7ok say\u0131da ter\u00f6risti etkisiz hale getirdiklerini ifade etti.<\/p>\n<p>Askeri kaynak, kahraman ordu birliklerimizin \u015eam k\u0131rsal\u0131na ba\u011fl\u0131 Cobar, Ayn Terma ve D\u00fchhaniyye civar\u0131nda Nusra \u00f6rg\u00fct\u00fc ter\u00f6ristlerinin sakland\u0131\u011f\u0131 mevzilere darbe yaparak yerle bir edip bir \u00e7ok ter\u00f6risti \u00f6ld\u00fcrd\u00fc\u011f\u00fcn\u00fc a\u00e7\u0131klad\u0131.<\/p>\n<p><span style=\"color: #0000ff\">Dera Beled ve K\u0131rsal\u0131nda Bomba D\u00fczene\u011fi Deposu \u0130mha Edildi<\/span><\/p>\n<p>Askeri kaynak, ordu birliklerimizin Dera k\u0131rsal\u0131 Mehacce\u2019de Nuceyh \u2013 K\u0131yrata yol kav\u015fa\u011f\u0131nda bulunan bomba d\u00fczeneklerinin i\u00e7ine koyuldu\u011fu bir depoyu imha ettiklerini belirtti.<\/p>\n<p>Kaynak, birliklerimizin Dera k\u0131rsal\u0131 Atman\u2019\u0131n bat\u0131s\u0131, el Gazlan Mezras\u0131n\u0131n kuzeyi, ye\u015fil Caminin \u00e7evresi, Demir Yollar\u0131 Siteleri, Lucat B\u00f6lgesi Heman, Kefar Nasec, Tel el Alakiye\u2019nin kuzeyi, Cedel Tour B\u00f6lgesi, tel el Mal\u2019in kuzeybat\u0131s\u0131ndaki el Medacin, Harap el \u015eahm yak\u0131nlar\u0131, Casim ve Neva Beldeleri ile Kayta \u2013 Semlin kav\u015fa\u011f\u0131nda \u00e7ok say\u0131da ter\u00f6risti \u00f6l\u00fc ve yaral\u0131 d\u00fc\u015f\u00fcrd\u00fcklerini, h\u00fccrelerini, ve kulland\u0131klar\u0131 baz\u0131 motosiklet ve bir buldozerlerini de imha ettiklerini ifade etti.<\/p>\n<p>Ordu birliklerimiz ayr\u0131ca, Busr el Harir Beldesi, Tel Bezzak\u2019\u0131n \u00e7evresi, Cibbe Ba\u011flar\u0131 ve Do\u011fu Samadaniye\u2019nin g\u00fcneyinde ter\u00f6ristlerin h\u00fccrelerini hedef almalar\u0131 sonucunda \u00e7ok say\u0131da ter\u00f6risti \u00f6l\u00fc ve yaral\u0131 d\u00fc\u015f\u00fcrd\u00fcklerini, Anhel beldesinde de g\u00fcney su deposu yan\u0131nda ter\u00f6ristlere ait bir ka\u00e7 arac\u0131 imha etti.<\/p>\n<p>Dera Beled\u2019te ise ordu birliklerimiz Men\u015fiyye Semtinde eski Sicne Sitelerinin bat\u0131s\u0131nda ter\u00f6r eleba\u015flar\u0131n\u0131n bulundu\u011fu bir h\u00fccreyi hedef almas\u0131 sonucunda i\u00e7indeki ter\u00f6ristleri \u00f6l\u00fc ve yaral\u0131 d\u00fc\u015f\u00fcrd\u00fc.<\/p>\n<p>Kaynak, ordu birliklerimizin Dera k\u0131rsal\u0131 Hurbat el Meliha\u2019n\u0131n Um el Avsec ile Tel el Mas b\u00f6lgelerinde ter\u00f6ristleri hedef almalar\u0131 sonucunda \u00f6l\u00fc ve yaral\u0131 d\u00fc\u015f\u00fcrd\u00fc\u011f\u00fcn\u00fc ifade etti.<\/p>\n<p><span style=\"color: #0000ff\">Lazkiye Kuzey K\u0131rsal\u0131nda \u00c7ok Say\u0131da Ter\u00f6rist \u00d6l\u00fc ve Yaral\u0131 D\u00fc\u015f\u00fcr\u00fcld\u00fc<\/span><\/p>\n<p>Askeri kaynak, ordu birliklerimizin Lazkiye kuzey k\u0131rsal\u0131 el Durra ve Reyhaniyye, Burc Zahi ve Cebel el Kovz K\u00f6ylerinde ter\u00f6ristlerin toplanma merkezlerini hedef almas\u0131 sonucunda \u00e7ok say\u0131da ter\u00f6risti \u00f6l\u00fc ve yaral\u0131 d\u00fc\u015f\u00fcrd\u00fcklerini, ellerinde bulunan 5 a\u011f\u0131r ta\u015f\u0131ma arac\u0131 ile a\u011f\u0131r taramal\u0131 silahla donan\u0131ml\u0131 bir ara\u00e7lar\u0131n\u0131 da imha ettiklerini s\u00f6yledi.<\/p>\n<p><span style=\"color: #0000ff\">Ordu birlikleri Deyrezzor ve Deyrezzor k\u0131sal\u0131nda \u00e7ok say\u0131da I\u015e\u0130D\u2019\u00e7iyi \u00f6ld\u00fcrd\u00fc<\/span><\/p>\n<p>Ordu birliklerimiz Deyrezzor\u2019da H\u00fcveyka ve R\u00fc\u015fdiyye mahallelerinde \u00e7ok say\u0131da Irak ve \u015eam \u0130slam Devleti \u201cI\u015e\u0130D\u201d ter\u00f6ristini \u00f6ld\u00fcrd\u00fc.<\/p>\n<p>Valilikte bir kaynak ba\u015fka bir kahraman birli\u011fimizin ilin do\u011fu k\u0131rsal\u0131nda Mohasan ve B\u00fcleyl k\u00f6ylerinde \u00e7ok say\u0131da I\u015e\u0130D ter\u00f6ristini \u00f6ld\u00fcr\u00fcp ellerindeki silah ve cephaneli\u011fi yok etti\u011fini a\u00e7\u0131klad\u0131.<\/p>\n<p><span style=\"color: #0000ff\">Hama K\u0131rsal\u0131nda ter\u00f6ristlerin silah depolar\u0131 yok edildi<\/span><\/p>\n<p>Askeri bir kayak ordu birliklerimizin Hama k\u0131rsal\u0131nda M\u00fcrek ve Zita\u2019da ter\u00f6rist topluluklara sald\u0131rarak \u00e7ok say\u0131da ter\u00f6risti \u00f6ld\u00fcr\u00fcp onlara ait baz\u0131 silah ve cephanelik depolar\u0131n\u0131 yok etti\u011fini bildirdi.<\/p>\n","protected":false},"excerpt":{"rendered":"<p>\u0130LLER \u2013 Ordu ve silahl\u0131 kuvvetlerimize tabi ordu birliklerimizin ter\u00f6r ve ter\u00f6rle m\u00fccadele kapsam\u0131nda muhtelif b\u00f6lgelerde d\u00fczenledi\u011fi ba\u015far\u0131l\u0131 operasyonlar\u0131n\u0131 s\u00fcrd\u00fcr\u00fcyor. Operasyonlarda h\u00fccreleri ve toplanma merkezleri hedef al\u0131narak \u00e7ok say\u0131da ter\u00f6rist \u00f6l\u00fc ve yaral\u0131 d\u00fc\u015f\u00fcr\u00fcl\u00fcrken ellerindeki silah, cephane ve te\u00e7hizat imha edildi. Homs K\u0131rsal\u0131nda Silah ve Cephane Dolu Botlar \u0130mha Edildi Askeri kaynak, ordu birliklerimizin Homs &hellip;<\/p>\n","protected":false},"author":1,"featured_media":9683,"comment_status":"closed","ping_status":"closed","sticky":false,"template":"","format":"standard","meta":{"footnotes":""},"categories":[575],"tags":[2185],"class_list":["post-9677","post","type-post","status-publish","format-standard","has-post-thumbnail","","category-olaylar-ve-gercekler","tag-silah-ve-cephane-dolu-botlari-batirildi-cok-sayida-terorist-olu-ve-yarali-dusuruldu"],"_links":{"self":[{"href":"https:\/\/archive.sana.sy\/tr\/index.php?rest_route=\/wp\/v2\/posts\/9677","targetHints":{"allow":["GET"]}}],"collection":[{"href":"https:\/\/archive.sana.sy\/tr\/index.php?rest_route=\/wp\/v2\/posts"}],"about":[{"href":"https:\/\/archive.sana.sy\/tr\/index.php?rest_route=\/wp\/v2\/types\/post"}],"author":[{"embeddable":true,"href":"https:\/\/archive.sana.sy\/tr\/index.php?rest_route=\/wp\/v2\/users\/1"}],"replies":[{"embeddable":true,"href":"https:\/\/archive.sana.sy\/tr\/index.php?rest_route=%2Fwp%2Fv2%2Fcomments&post=9677"}],"version-history":[{"count":0,"href":"https:\/\/archive.sana.sy\/tr\/index.php?rest_route=\/wp\/v2\/posts\/9677\/revisions"}],"wp:featuredmedia":[{"embeddable":true,"href":"https:\/\/archive.sana.sy\/tr\/index.php?rest_route=\/wp\/v2\/media\/9683"}],"wp:attachment":[{"href":"https:\/\/archive.sana.sy\/tr\/index.php?rest_route=%2Fwp%2Fv2%2Fmedia&parent=9677"}],"wp:term":[{"taxonomy":"category","embeddable":true,"href":"https:\/\/archive.sana.sy\/tr\/index.php?rest_route=%2Fwp%2Fv2%2Fcategories&post=9677"},{"taxonomy":"post_tag","embeddable":true,"href":"https:\/\/archive.sana.sy\/tr\/index.php?rest_route=%2Fwp%2Fv2%2Ftags&post=9677"}],"curies":[{"name":"wp","href":"https:\/\/api.w.org\/{rel}","templated":true}]}}