{"id":96900,"date":"2016-12-03T14:52:53","date_gmt":"2016-12-03T12:52:53","guid":{"rendered":"http:\/\/www.sana.sy\/tr\/?p=96900"},"modified":"2016-12-04T12:57:32","modified_gmt":"2016-12-04T10:57:32","slug":"sivillere-yonelik-saldirilar-devam-ediyor","status":"publish","type":"post","link":"https:\/\/archive.sana.sy\/tr\/?p=96900","title":{"rendered":"Sivillere Y\u00f6nelik Sald\u0131r\u0131lar Devam Ediyor"},"content":{"rendered":"<p>HALEP \u2013 D\u0131\u015f g\u00fc\u00e7lere tabi ter\u00f6ristlerin sivil yerle\u015fim alanlar\u0131na sald\u0131r\u0131lar\u0131 ve bu sald\u0131r\u0131lar\u0131nda masum sivillere y\u00f6nelik vah\u015fetleri devam ediyor.<\/p>\n<p>Halep Emniyet M\u00fcd\u00fcrl\u00fc\u011f\u00fcnde bir kaynak SANA\u2019ya a\u00e7\u0131klamas\u0131nda; belli ba\u015fl\u0131 d\u0131\u015f g\u00fc\u00e7lerin destek ve komutas\u0131nda faaliyet g\u00f6steren ter\u00f6ristlerin Halep Kentinde Yeni Halep, Hamadaniye, \u0130zaa, Nil caddesi, \u00dcniversite Haremi, E\u015frefiye ve Seyf el Devle b\u00f6lgelerini f\u00fcze ve havan roketleriyle hedef ald\u0131klar\u0131n\u0131 aktard\u0131.<\/p>\n<p>Ter\u00f6r sald\u0131r\u0131lar\u0131nda 5 vatanda\u015f\u0131n \u015fehit, 29 vatanda\u015f\u0131n da yaral\u0131 d\u00fc\u015ft\u00fcklerini belirten kaynak, kurbanlar\u0131n aras\u0131nda \u00e7ocuk ve kad\u0131nlar\u0131n bulundu\u011funa dikkat \u00e7ekti. Kaynak bu sald\u0131r\u0131lar sonucunda vatanda\u015flar\u0131n evlerinde ve hizmet altyap\u0131s\u0131nda meydana gelen hasara da vurgu yaparak, bu hasarlar\u0131n insani durumlar\u0131n k\u00f6t\u00fcle\u015fmesinde oynad\u0131\u011f\u0131 olumsuz rol\u00fcn alt\u0131n\u0131 \u00e7izdi.<\/p>\n<p>&nbsp;<\/p>\n","protected":false},"excerpt":{"rendered":"<p>HALEP \u2013 D\u0131\u015f g\u00fc\u00e7lere tabi ter\u00f6ristlerin sivil yerle\u015fim alanlar\u0131na sald\u0131r\u0131lar\u0131 ve bu sald\u0131r\u0131lar\u0131nda masum sivillere y\u00f6nelik vah\u015fetleri devam ediyor. Halep Emniyet M\u00fcd\u00fcrl\u00fc\u011f\u00fcnde bir kaynak SANA\u2019ya a\u00e7\u0131klamas\u0131nda; belli ba\u015fl\u0131 d\u0131\u015f g\u00fc\u00e7lerin destek ve komutas\u0131nda faaliyet g\u00f6steren ter\u00f6ristlerin Halep Kentinde Yeni Halep, Hamadaniye, \u0130zaa, Nil caddesi, \u00dcniversite Haremi, E\u015frefiye ve Seyf el Devle b\u00f6lgelerini f\u00fcze ve havan &hellip;<\/p>\n","protected":false},"author":1,"featured_media":96993,"comment_status":"closed","ping_status":"closed","sticky":false,"template":"","format":"standard","meta":{"footnotes":""},"categories":[479,575,17988,478],"tags":[25678,25677],"class_list":["post-96900","post","type-post","status-publish","format-standard","has-post-thumbnail","","category-haberler-yerel","category-olaylar-ve-gercekler","category-son-haberler","category-yerel","tag-halep-dis-guclere-tabi-teroristlerin-sivil-yerlesim-alanlarina-saldirilari-ve-bu-saldirilarinda-masum-sivillere-yonelik-vahsetleri-devam-ediyor","tag-sivillere-yonelik-saldirilar-devam-ediyor"],"_links":{"self":[{"href":"https:\/\/archive.sana.sy\/tr\/index.php?rest_route=\/wp\/v2\/posts\/96900","targetHints":{"allow":["GET"]}}],"collection":[{"href":"https:\/\/archive.sana.sy\/tr\/index.php?rest_route=\/wp\/v2\/posts"}],"about":[{"href":"https:\/\/archive.sana.sy\/tr\/index.php?rest_route=\/wp\/v2\/types\/post"}],"author":[{"embeddable":true,"href":"https:\/\/archive.sana.sy\/tr\/index.php?rest_route=\/wp\/v2\/users\/1"}],"replies":[{"embeddable":true,"href":"https:\/\/archive.sana.sy\/tr\/index.php?rest_route=%2Fwp%2Fv2%2Fcomments&post=96900"}],"version-history":[{"count":0,"href":"https:\/\/archive.sana.sy\/tr\/index.php?rest_route=\/wp\/v2\/posts\/96900\/revisions"}],"wp:featuredmedia":[{"embeddable":true,"href":"https:\/\/archive.sana.sy\/tr\/index.php?rest_route=\/wp\/v2\/media\/96993"}],"wp:attachment":[{"href":"https:\/\/archive.sana.sy\/tr\/index.php?rest_route=%2Fwp%2Fv2%2Fmedia&parent=96900"}],"wp:term":[{"taxonomy":"category","embeddable":true,"href":"https:\/\/archive.sana.sy\/tr\/index.php?rest_route=%2Fwp%2Fv2%2Fcategories&post=96900"},{"taxonomy":"post_tag","embeddable":true,"href":"https:\/\/archive.sana.sy\/tr\/index.php?rest_route=%2Fwp%2Fv2%2Ftags&post=96900"}],"curies":[{"name":"wp","href":"https:\/\/api.w.org\/{rel}","templated":true}]}}