{"id":96990,"date":"2016-12-04T11:52:09","date_gmt":"2016-12-04T09:52:09","guid":{"rendered":"http:\/\/www.sana.sy\/tr\/?p=96990"},"modified":"2016-12-04T11:52:09","modified_gmt":"2016-12-04T09:52:09","slug":"sananin-halep-muhabiri-teroristlerin-firlattiklari-21-fuzenin-nubbul-ve-zehra-beldelerine-dusmeleri-sonucunda-10-vatandasin-yaralandigi-sivillere-ait-evlerde-agir-maddi-hasarin-olustugunu-i","status":"publish","type":"post","link":"https:\/\/archive.sana.sy\/tr\/?p=96990","title":{"rendered":"SANA\u2019n\u0131n Halep muhabiri; ter\u00f6ristlerin f\u0131rlatt\u0131klar\u0131 21 f\u00fczenin Nubb\u00fcl ve Zehra beldelerine d\u00fc\u015fmeleri sonucunda 10 vatanda\u015f\u0131n yaraland\u0131\u011f\u0131; sivillere ait evlerde a\u011f\u0131r maddi hasar\u0131n olu\u015ftu\u011funu ifade etti"},"content":{"rendered":"<p>SANA\u2019n\u0131n Halep muhabiri; ter\u00f6ristlerin f\u0131rlatt\u0131klar\u0131 21 f\u00fczenin Nubb\u00fcl ve Zehra beldelerine d\u00fc\u015fmeleri sonucunda 10 vatanda\u015f\u0131n yaraland\u0131\u011f\u0131; sivillere ait evlerde a\u011f\u0131r maddi hasar\u0131n olu\u015ftu\u011funu ifade etti<\/p>\n","protected":false},"excerpt":{"rendered":"<p>SANA\u2019n\u0131n Halep muhabiri; ter\u00f6ristlerin f\u0131rlatt\u0131klar\u0131 21 f\u00fczenin Nubb\u00fcl ve Zehra beldelerine d\u00fc\u015fmeleri sonucunda 10 vatanda\u015f\u0131n yaraland\u0131\u011f\u0131; sivillere ait evlerde a\u011f\u0131r maddi hasar\u0131n olu\u015ftu\u011funu ifade etti<\/p>\n","protected":false},"author":1,"featured_media":0,"comment_status":"closed","ping_status":"closed","sticky":false,"template":"","format":"standard","meta":{"footnotes":""},"categories":[17991],"tags":[],"class_list":["post-96990","post","type-post","status-publish","format-standard","","category-son-dakika"],"_links":{"self":[{"href":"https:\/\/archive.sana.sy\/tr\/index.php?rest_route=\/wp\/v2\/posts\/96990","targetHints":{"allow":["GET"]}}],"collection":[{"href":"https:\/\/archive.sana.sy\/tr\/index.php?rest_route=\/wp\/v2\/posts"}],"about":[{"href":"https:\/\/archive.sana.sy\/tr\/index.php?rest_route=\/wp\/v2\/types\/post"}],"author":[{"embeddable":true,"href":"https:\/\/archive.sana.sy\/tr\/index.php?rest_route=\/wp\/v2\/users\/1"}],"replies":[{"embeddable":true,"href":"https:\/\/archive.sana.sy\/tr\/index.php?rest_route=%2Fwp%2Fv2%2Fcomments&post=96990"}],"version-history":[{"count":0,"href":"https:\/\/archive.sana.sy\/tr\/index.php?rest_route=\/wp\/v2\/posts\/96990\/revisions"}],"wp:attachment":[{"href":"https:\/\/archive.sana.sy\/tr\/index.php?rest_route=%2Fwp%2Fv2%2Fmedia&parent=96990"}],"wp:term":[{"taxonomy":"category","embeddable":true,"href":"https:\/\/archive.sana.sy\/tr\/index.php?rest_route=%2Fwp%2Fv2%2Fcategories&post=96990"},{"taxonomy":"post_tag","embeddable":true,"href":"https:\/\/archive.sana.sy\/tr\/index.php?rest_route=%2Fwp%2Fv2%2Ftags&post=96990"}],"curies":[{"name":"wp","href":"https:\/\/api.w.org\/{rel}","templated":true}]}}