{"id":97034,"date":"2016-12-04T14:16:18","date_gmt":"2016-12-04T12:16:18","guid":{"rendered":"http:\/\/www.sana.sy\/tr\/?p=97034"},"modified":"2016-12-05T10:09:34","modified_gmt":"2016-12-05T08:09:34","slug":"iki-taraf-arasinda-anlasma-imzalandi","status":"publish","type":"post","link":"https:\/\/archive.sana.sy\/tr\/?p=97034","title":{"rendered":"\u0130ki Taraf Aras\u0131nda Anla\u015fma \u0130mzaland\u0131 (video)"},"content":{"rendered":"<p>\u015eAM \u2013 \u0130\u015f\u00e7i Sendikalar\u0131 Federasyonu ba\u015fkan\u0131 Cemal el Kadiri bug\u00fcn \u0130ran \u0130\u015f\u00e7i Evi \u00d6rg\u00fct\u00fc Ali R\u0131za Mahcup ile iki taraf aras\u0131nda sendikal ili\u015fkiler ve i\u015fbirli\u011fini peki\u015ftirmeyi ama\u00e7layan bir anla\u015fmaya imza att\u0131.<\/p>\n<p><a href=\"http:\/\/www.sana.sy\/tr\/wp-content\/uploads\/2016\/12\/2-9.jpg\"><img loading=\"lazy\" decoding=\"async\" class=\"alignright wp-image-97037 size-medium\" src=\"http:\/\/www.sana.sy\/tr\/wp-content\/uploads\/2016\/12\/2-9-300x155.jpg\" alt=\"2\" width=\"300\" height=\"155\" srcset=\"https:\/\/archive.sana.sy\/tr\/wp-content\/uploads\/2016\/12\/2-9-300x155.jpg 300w, https:\/\/archive.sana.sy\/tr\/wp-content\/uploads\/2016\/12\/2-9-150x78.jpg 150w, https:\/\/archive.sana.sy\/tr\/wp-content\/uploads\/2016\/12\/2-9-768x397.jpg 768w, https:\/\/archive.sana.sy\/tr\/wp-content\/uploads\/2016\/12\/2-9-1024x530.jpg 1024w\" sizes=\"auto, (max-width: 300px) 100vw, 300px\" \/><\/a>Anla\u015fma ayn\u0131 zamanda Suriye \u0130\u015f\u00e7i Sendikalar\u0131 Federasyonuna tabi olarak yaral\u0131 askerler, i\u015f\u00e7i tabakas\u0131 ve yaralanmas\u0131 sonucunda daimi engelli hale gelenlere destek olacak bir kurumun te\u015fkil edilmesini \u00f6ng\u00f6r\u00fcyor. Anla\u015fmada ayr\u0131ca y\u00fcksek kalitede ve d\u00fc\u015f\u00fck maliyette bir \u0130\u015f\u00e7i \u00dcniversitesinin kurulmas\u0131nda \u0130ran \u0130\u015f\u00e7i Evinin maddi ve teknik destek takdim etmesinin \u00f6ng\u00f6r\u00fcld\u00fc.<\/p>\n<p>\u0130ki taraf \u0130ran \u0130\u015f\u00e7i Evinin \u00f6nerisi \u00fczerine b\u00f6lgesel bir sendikal blo\u011fun te\u015fkil edilmesi ve bu blo\u011fun hegemonyac\u0131 ve s\u00f6m\u00fcr\u00fcc\u00fc planlara kar\u015f\u0131 direni\u015fi desteklemesi \u00fczerinde g\u00f6r\u00fc\u015f birli\u011fi sa\u011fland\u0131.<\/p>\n<p>https:\/\/www.youtube.com\/watch?v=2MwFZ0-9GN0<\/p>\n","protected":false},"excerpt":{"rendered":"<p>\u015eAM \u2013 \u0130\u015f\u00e7i Sendikalar\u0131 Federasyonu ba\u015fkan\u0131 Cemal el Kadiri bug\u00fcn \u0130ran \u0130\u015f\u00e7i Evi \u00d6rg\u00fct\u00fc Ali R\u0131za Mahcup ile iki taraf aras\u0131nda sendikal ili\u015fkiler ve i\u015fbirli\u011fini peki\u015ftirmeyi ama\u00e7layan bir anla\u015fmaya imza att\u0131. Anla\u015fma ayn\u0131 zamanda Suriye \u0130\u015f\u00e7i Sendikalar\u0131 Federasyonuna tabi olarak yaral\u0131 askerler, i\u015f\u00e7i tabakas\u0131 ve yaralanmas\u0131 sonucunda daimi engelli hale gelenlere destek olacak bir kurumun &hellip;<\/p>\n","protected":false},"author":1,"featured_media":97036,"comment_status":"closed","ping_status":"closed","sticky":false,"template":"","format":"standard","meta":{"footnotes":""},"categories":[479,17988,478],"tags":[25701,23803,25699,25700,25702,20976],"class_list":["post-97034","post","type-post","status-publish","format-standard","has-post-thumbnail","","category-haberler-yerel","category-son-haberler","category-yerel","tag-ali-riza-mahcup","tag-cemal-el-kadiri","tag-icsi-sendikalari-federasyonu","tag-iran-isci-evi-orgutu","tag-isci-sendikasi","tag-suriye-ve-iran"],"_links":{"self":[{"href":"https:\/\/archive.sana.sy\/tr\/index.php?rest_route=\/wp\/v2\/posts\/97034","targetHints":{"allow":["GET"]}}],"collection":[{"href":"https:\/\/archive.sana.sy\/tr\/index.php?rest_route=\/wp\/v2\/posts"}],"about":[{"href":"https:\/\/archive.sana.sy\/tr\/index.php?rest_route=\/wp\/v2\/types\/post"}],"author":[{"embeddable":true,"href":"https:\/\/archive.sana.sy\/tr\/index.php?rest_route=\/wp\/v2\/users\/1"}],"replies":[{"embeddable":true,"href":"https:\/\/archive.sana.sy\/tr\/index.php?rest_route=%2Fwp%2Fv2%2Fcomments&post=97034"}],"version-history":[{"count":0,"href":"https:\/\/archive.sana.sy\/tr\/index.php?rest_route=\/wp\/v2\/posts\/97034\/revisions"}],"wp:featuredmedia":[{"embeddable":true,"href":"https:\/\/archive.sana.sy\/tr\/index.php?rest_route=\/wp\/v2\/media\/97036"}],"wp:attachment":[{"href":"https:\/\/archive.sana.sy\/tr\/index.php?rest_route=%2Fwp%2Fv2%2Fmedia&parent=97034"}],"wp:term":[{"taxonomy":"category","embeddable":true,"href":"https:\/\/archive.sana.sy\/tr\/index.php?rest_route=%2Fwp%2Fv2%2Fcategories&post=97034"},{"taxonomy":"post_tag","embeddable":true,"href":"https:\/\/archive.sana.sy\/tr\/index.php?rest_route=%2Fwp%2Fv2%2Ftags&post=97034"}],"curies":[{"name":"wp","href":"https:\/\/api.w.org\/{rel}","templated":true}]}}