{"id":97041,"date":"2016-12-04T16:14:16","date_gmt":"2016-12-04T14:14:16","guid":{"rendered":"http:\/\/www.sana.sy\/tr\/?p=97041"},"modified":"2016-12-04T16:11:51","modified_gmt":"2016-12-04T14:11:51","slug":"cumhurbaskani-bessar-el-esad-2017-yili-devlet-genel-butcesi-toplaminin-2660-milyar-lira-olarak-belirlenmesini-ongoren-201624-sayili-kanunnameyi-onayladi","status":"publish","type":"post","link":"https:\/\/archive.sana.sy\/tr\/?p=97041","title":{"rendered":"Cumhurba\u015fkan\u0131 Be\u015f\u015far el Esad 2017 y\u0131l\u0131 devlet genel b\u00fct\u00e7esi toplam\u0131n\u0131n 2660 milyar lira olarak belirlenmesini \u00f6ng\u00f6ren 2016\/24 say\u0131l\u0131 kanunnameyi onaylad\u0131"},"content":{"rendered":"<p>Cumhurba\u015fkan\u0131 Be\u015f\u015far el Esad 2017 y\u0131l\u0131 devlet genel b\u00fct\u00e7esi toplam\u0131n\u0131n 2660 milyar lira olarak belirlenmesini \u00f6ng\u00f6ren 2016\/24 say\u0131l\u0131 kanunnameyi onaylad\u0131<\/p>\n","protected":false},"excerpt":{"rendered":"<p>Cumhurba\u015fkan\u0131 Be\u015f\u015far el Esad 2017 y\u0131l\u0131 devlet genel b\u00fct\u00e7esi toplam\u0131n\u0131n 2660 milyar lira olarak belirlenmesini \u00f6ng\u00f6ren 2016\/24 say\u0131l\u0131 kanunnameyi onaylad\u0131<\/p>\n","protected":false},"author":1,"featured_media":0,"comment_status":"closed","ping_status":"closed","sticky":false,"template":"","format":"standard","meta":{"footnotes":""},"categories":[17991],"tags":[],"class_list":["post-97041","post","type-post","status-publish","format-standard","","category-son-dakika"],"_links":{"self":[{"href":"https:\/\/archive.sana.sy\/tr\/index.php?rest_route=\/wp\/v2\/posts\/97041","targetHints":{"allow":["GET"]}}],"collection":[{"href":"https:\/\/archive.sana.sy\/tr\/index.php?rest_route=\/wp\/v2\/posts"}],"about":[{"href":"https:\/\/archive.sana.sy\/tr\/index.php?rest_route=\/wp\/v2\/types\/post"}],"author":[{"embeddable":true,"href":"https:\/\/archive.sana.sy\/tr\/index.php?rest_route=\/wp\/v2\/users\/1"}],"replies":[{"embeddable":true,"href":"https:\/\/archive.sana.sy\/tr\/index.php?rest_route=%2Fwp%2Fv2%2Fcomments&post=97041"}],"version-history":[{"count":0,"href":"https:\/\/archive.sana.sy\/tr\/index.php?rest_route=\/wp\/v2\/posts\/97041\/revisions"}],"wp:attachment":[{"href":"https:\/\/archive.sana.sy\/tr\/index.php?rest_route=%2Fwp%2Fv2%2Fmedia&parent=97041"}],"wp:term":[{"taxonomy":"category","embeddable":true,"href":"https:\/\/archive.sana.sy\/tr\/index.php?rest_route=%2Fwp%2Fv2%2Fcategories&post=97041"},{"taxonomy":"post_tag","embeddable":true,"href":"https:\/\/archive.sana.sy\/tr\/index.php?rest_route=%2Fwp%2Fv2%2Ftags&post=97041"}],"curies":[{"name":"wp","href":"https:\/\/api.w.org\/{rel}","templated":true}]}}