{"id":97042,"date":"2016-12-04T16:16:57","date_gmt":"2016-12-04T14:16:57","guid":{"rendered":"http:\/\/www.sana.sy\/tr\/?p=97042"},"modified":"2016-12-05T13:07:50","modified_gmt":"2016-12-05T11:07:50","slug":"el-esad-devlet-genel-butce-kanunu-onayladi","status":"publish","type":"post","link":"https:\/\/archive.sana.sy\/tr\/?p=97042","title":{"rendered":"El Esad Devlet genel B\u00fct\u00e7e Kanunu Onaylad\u0131"},"content":{"rendered":"<p>\u015eAM \u2013 Cumhurba\u015fkan\u0131 Be\u015f\u015far el Esad 2017 y\u0131l\u0131 devlet genel b\u00fct\u00e7esi toplam\u0131n\u0131n 2660 milyar lira olarak belirlenmesini \u00f6ng\u00f6ren 2016\/24 say\u0131l\u0131 kanunu onaylad\u0131.<\/p>\n<p>2016 y\u0131l\u0131 i\u00e7in 1980 milyar lira olarak belirlenen genel b\u00fct\u00e7eden 680 milyar lira art\u0131\u015f kaydeden 2017 genel b\u00fct\u00e7esinin 1982 milyar\u0131 cari harcamalar i\u00e7in ayr\u0131l\u0131rken, 678 milyar\u0131 da yat\u0131r\u0131m, 423 milyar\u0131 ise sosyal destek i\u00e7in ayr\u0131ld\u0131.<\/p>\n<p>Suriye Arap Ordusuna sunulacak deste\u011fin en b\u00fcy\u00fck pay\u0131 ald\u0131\u011f\u0131 2017 b\u00fct\u00e7esi tasla\u011f\u0131nda ter\u00f6rle m\u00fccadele, \u015fehit yak\u0131nlar\u0131n\u0131n ihtiya\u00e7lar\u0131n\u0131n kar\u015f\u0131lanmas\u0131, vatanda\u015flar\u0131n ihtiya\u00e7lar\u0131, tar\u0131m-sanayi \u00fcretimi faaliyetlerinin aktifle\u015ftirilmesi ve hizmet-kalk\u0131nma sekt\u00f6rlerinin geli\u015ftirilmesi gibi ba\u015fl\u0131klar yer ald\u0131.<\/p>\n<p>Halk Meclisi devlet genel b\u00fct\u00e7esi kanun tasar\u0131s\u0131n\u0131 daha \u00f6nce ayr\u0131nt\u0131lar\u0131yla tart\u0131\u015f\u0131p karara ba\u011flamas\u0131 ard\u0131ndan anayasa gere\u011fi cumhurba\u015fkan\u0131 onay\u0131 i\u00e7in Cumhurba\u015fkanl\u0131\u011f\u0131na sevk etmi\u015fti.<\/p>\n","protected":false},"excerpt":{"rendered":"<p>\u015eAM \u2013 Cumhurba\u015fkan\u0131 Be\u015f\u015far el Esad 2017 y\u0131l\u0131 devlet genel b\u00fct\u00e7esi toplam\u0131n\u0131n 2660 milyar lira olarak belirlenmesini \u00f6ng\u00f6ren 2016\/24 say\u0131l\u0131 kanunu onaylad\u0131. 2016 y\u0131l\u0131 i\u00e7in 1980 milyar lira olarak belirlenen genel b\u00fct\u00e7eden 680 milyar lira art\u0131\u015f kaydeden 2017 genel b\u00fct\u00e7esinin 1982 milyar\u0131 cari harcamalar i\u00e7in ayr\u0131l\u0131rken, 678 milyar\u0131 da yat\u0131r\u0131m, 423 milyar\u0131 ise sosyal destek &hellip;<\/p>\n","protected":false},"author":1,"featured_media":87251,"comment_status":"closed","ping_status":"closed","sticky":false,"template":"","format":"standard","meta":{"footnotes":""},"categories":[485,486,605,17988,612,599],"tags":[17256,25703,24418,24119],"class_list":["post-97042","post","type-post","status-publish","format-standard","has-post-thumbnail","","category-is-ve-sermaye","category-haberler-is-ve-sermaye","category-sayin-cumhurbaskani","category-son-haberler","category-yasama-kararnameler","category-yasama-ve-kanunlar","tag-bessar-el-esad","tag-butce-kanunu","tag-devlet-genel-butcesi","tag-suriye-lideri"],"_links":{"self":[{"href":"https:\/\/archive.sana.sy\/tr\/index.php?rest_route=\/wp\/v2\/posts\/97042","targetHints":{"allow":["GET"]}}],"collection":[{"href":"https:\/\/archive.sana.sy\/tr\/index.php?rest_route=\/wp\/v2\/posts"}],"about":[{"href":"https:\/\/archive.sana.sy\/tr\/index.php?rest_route=\/wp\/v2\/types\/post"}],"author":[{"embeddable":true,"href":"https:\/\/archive.sana.sy\/tr\/index.php?rest_route=\/wp\/v2\/users\/1"}],"replies":[{"embeddable":true,"href":"https:\/\/archive.sana.sy\/tr\/index.php?rest_route=%2Fwp%2Fv2%2Fcomments&post=97042"}],"version-history":[{"count":0,"href":"https:\/\/archive.sana.sy\/tr\/index.php?rest_route=\/wp\/v2\/posts\/97042\/revisions"}],"wp:featuredmedia":[{"embeddable":true,"href":"https:\/\/archive.sana.sy\/tr\/index.php?rest_route=\/wp\/v2\/media\/87251"}],"wp:attachment":[{"href":"https:\/\/archive.sana.sy\/tr\/index.php?rest_route=%2Fwp%2Fv2%2Fmedia&parent=97042"}],"wp:term":[{"taxonomy":"category","embeddable":true,"href":"https:\/\/archive.sana.sy\/tr\/index.php?rest_route=%2Fwp%2Fv2%2Fcategories&post=97042"},{"taxonomy":"post_tag","embeddable":true,"href":"https:\/\/archive.sana.sy\/tr\/index.php?rest_route=%2Fwp%2Fv2%2Ftags&post=97042"}],"curies":[{"name":"wp","href":"https:\/\/api.w.org\/{rel}","templated":true}]}}