{"id":97048,"date":"2016-12-04T16:26:11","date_gmt":"2016-12-04T14:26:11","guid":{"rendered":"http:\/\/www.sana.sy\/tr\/?p=97048"},"modified":"2016-12-04T16:22:40","modified_gmt":"2016-12-04T14:22:40","slug":"muhabir-ordu-birliklerimizin-bildirilerde-halepin-dogusunda-bulunan-silahli-gruplardan-silahlarini-birakip-genel-af-kararindan-faydalanmalari-bu-semtlerde-bulunan-hasta-ya-da-yaralilarin-yan","status":"publish","type":"post","link":"https:\/\/archive.sana.sy\/tr\/?p=97048","title":{"rendered":"Muhabir ordu birliklerimizin bildirilerde Halep\u2019in do\u011fusunda bulunan silahl\u0131 gruplardan silahlar\u0131n\u0131 b\u0131rak\u0131p genel af karar\u0131ndan faydalanmalar\u0131, bu semtlerde bulunan hasta ya da yaral\u0131lar\u0131n yan\u0131 s\u0131ra \u00e7\u0131kmak isteyen t\u00fcm sivillere \u00e7\u0131kmalar\u0131 i\u00e7in izin vermelerini \u00e7a\u011f\u0131rd\u0131klar\u0131n\u0131 belirtti"},"content":{"rendered":"<p>Muhabir ordu birliklerimizin bildirilerde Halep\u2019in do\u011fusunda bulunan silahl\u0131 gruplardan silahlar\u0131n\u0131 b\u0131rak\u0131p genel af karar\u0131ndan faydalanmalar\u0131, bu semtlerde bulunan hasta ya da yaral\u0131lar\u0131n yan\u0131 s\u0131ra \u00e7\u0131kmak isteyen t\u00fcm sivillere \u00e7\u0131kmalar\u0131 i\u00e7in izin vermelerini \u00e7a\u011f\u0131rd\u0131klar\u0131n\u0131 belirtti<\/p>\n","protected":false},"excerpt":{"rendered":"<p>Muhabir ordu birliklerimizin bildirilerde Halep\u2019in do\u011fusunda bulunan silahl\u0131 gruplardan silahlar\u0131n\u0131 b\u0131rak\u0131p genel af karar\u0131ndan faydalanmalar\u0131, bu semtlerde bulunan hasta ya da yaral\u0131lar\u0131n yan\u0131 s\u0131ra \u00e7\u0131kmak isteyen t\u00fcm sivillere \u00e7\u0131kmalar\u0131 i\u00e7in izin vermelerini \u00e7a\u011f\u0131rd\u0131klar\u0131n\u0131 belirtti<\/p>\n","protected":false},"author":1,"featured_media":0,"comment_status":"closed","ping_status":"closed","sticky":false,"template":"","format":"standard","meta":{"footnotes":""},"categories":[17991],"tags":[],"class_list":["post-97048","post","type-post","status-publish","format-standard","","category-son-dakika"],"_links":{"self":[{"href":"https:\/\/archive.sana.sy\/tr\/index.php?rest_route=\/wp\/v2\/posts\/97048","targetHints":{"allow":["GET"]}}],"collection":[{"href":"https:\/\/archive.sana.sy\/tr\/index.php?rest_route=\/wp\/v2\/posts"}],"about":[{"href":"https:\/\/archive.sana.sy\/tr\/index.php?rest_route=\/wp\/v2\/types\/post"}],"author":[{"embeddable":true,"href":"https:\/\/archive.sana.sy\/tr\/index.php?rest_route=\/wp\/v2\/users\/1"}],"replies":[{"embeddable":true,"href":"https:\/\/archive.sana.sy\/tr\/index.php?rest_route=%2Fwp%2Fv2%2Fcomments&post=97048"}],"version-history":[{"count":0,"href":"https:\/\/archive.sana.sy\/tr\/index.php?rest_route=\/wp\/v2\/posts\/97048\/revisions"}],"wp:attachment":[{"href":"https:\/\/archive.sana.sy\/tr\/index.php?rest_route=%2Fwp%2Fv2%2Fmedia&parent=97048"}],"wp:term":[{"taxonomy":"category","embeddable":true,"href":"https:\/\/archive.sana.sy\/tr\/index.php?rest_route=%2Fwp%2Fv2%2Fcategories&post=97048"},{"taxonomy":"post_tag","embeddable":true,"href":"https:\/\/archive.sana.sy\/tr\/index.php?rest_route=%2Fwp%2Fv2%2Ftags&post=97048"}],"curies":[{"name":"wp","href":"https:\/\/api.w.org\/{rel}","templated":true}]}}