{"id":97049,"date":"2016-12-04T16:27:04","date_gmt":"2016-12-04T14:27:04","guid":{"rendered":"http:\/\/www.sana.sy\/tr\/?p=97049"},"modified":"2016-12-05T13:09:14","modified_gmt":"2016-12-05T11:09:14","slug":"halepin-dogusundaki-silahlilara-bildiriler-birakildi","status":"publish","type":"post","link":"https:\/\/archive.sana.sy\/tr\/?p=97049","title":{"rendered":"Halep\u2019in Do\u011fusundaki Silahl\u0131lara Bildiriler B\u0131rak\u0131ld\u0131 (video)"},"content":{"rendered":"<p>HALEP \u2013 \u00a0Ordu birliklerimize tabi askeri helikopterler bug\u00fcn; Halep&#8217;te daha fazla kanlar\u0131n ak\u0131t\u0131lmas\u0131n\u0131 engelleme amac\u0131yla kentin\u00a0do\u011fu semtleri \u00fczerinde bildiriler b\u0131rakt\u0131.<\/p>\n<p>SANA\u2019n\u0131n Halep muhabiri; ordu birliklerimizin bildirilerde Halep\u2019in do\u011fusunda bulunan silahl\u0131 gruplardan silahlar\u0131n\u0131 b\u0131rak\u0131p genel af karar\u0131ndan faydalanmalar\u0131, bu semtlerde bulunan hasta ya da yaral\u0131lar\u0131n yan\u0131 s\u0131ra \u00e7\u0131kmak isteyen t\u00fcm sivillere \u00e7\u0131kmalar\u0131 i\u00e7in izin vermelerini \u00e7a\u011f\u0131rd\u0131klar\u0131n\u0131 belirtti.<\/p>\n<p>https:\/\/www.youtube.com\/watch?v=yrulyXkOFx4<\/p>\n","protected":false},"excerpt":{"rendered":"<p>HALEP \u2013 \u00a0Ordu birliklerimize tabi askeri helikopterler bug\u00fcn; Halep&#8217;te daha fazla kanlar\u0131n ak\u0131t\u0131lmas\u0131n\u0131 engelleme amac\u0131yla kentin\u00a0do\u011fu semtleri \u00fczerinde bildiriler b\u0131rakt\u0131. SANA\u2019n\u0131n Halep muhabiri; ordu birliklerimizin bildirilerde Halep\u2019in do\u011fusunda bulunan silahl\u0131 gruplardan silahlar\u0131n\u0131 b\u0131rak\u0131p genel af karar\u0131ndan faydalanmalar\u0131, bu semtlerde bulunan hasta ya da yaral\u0131lar\u0131n yan\u0131 s\u0131ra \u00e7\u0131kmak isteyen t\u00fcm sivillere \u00e7\u0131kmalar\u0131 i\u00e7in izin vermelerini \u00e7a\u011f\u0131rd\u0131klar\u0131n\u0131 &hellip;<\/p>\n","protected":false},"author":1,"featured_media":97080,"comment_status":"closed","ping_status":"closed","sticky":false,"template":"","format":"standard","meta":{"footnotes":""},"categories":[479,575,17988,478],"tags":[],"class_list":["post-97049","post","type-post","status-publish","format-standard","has-post-thumbnail","","category-haberler-yerel","category-olaylar-ve-gercekler","category-son-haberler","category-yerel"],"_links":{"self":[{"href":"https:\/\/archive.sana.sy\/tr\/index.php?rest_route=\/wp\/v2\/posts\/97049","targetHints":{"allow":["GET"]}}],"collection":[{"href":"https:\/\/archive.sana.sy\/tr\/index.php?rest_route=\/wp\/v2\/posts"}],"about":[{"href":"https:\/\/archive.sana.sy\/tr\/index.php?rest_route=\/wp\/v2\/types\/post"}],"author":[{"embeddable":true,"href":"https:\/\/archive.sana.sy\/tr\/index.php?rest_route=\/wp\/v2\/users\/1"}],"replies":[{"embeddable":true,"href":"https:\/\/archive.sana.sy\/tr\/index.php?rest_route=%2Fwp%2Fv2%2Fcomments&post=97049"}],"version-history":[{"count":0,"href":"https:\/\/archive.sana.sy\/tr\/index.php?rest_route=\/wp\/v2\/posts\/97049\/revisions"}],"wp:featuredmedia":[{"embeddable":true,"href":"https:\/\/archive.sana.sy\/tr\/index.php?rest_route=\/wp\/v2\/media\/97080"}],"wp:attachment":[{"href":"https:\/\/archive.sana.sy\/tr\/index.php?rest_route=%2Fwp%2Fv2%2Fmedia&parent=97049"}],"wp:term":[{"taxonomy":"category","embeddable":true,"href":"https:\/\/archive.sana.sy\/tr\/index.php?rest_route=%2Fwp%2Fv2%2Fcategories&post=97049"},{"taxonomy":"post_tag","embeddable":true,"href":"https:\/\/archive.sana.sy\/tr\/index.php?rest_route=%2Fwp%2Fv2%2Ftags&post=97049"}],"curies":[{"name":"wp","href":"https:\/\/api.w.org\/{rel}","templated":true}]}}