{"id":97071,"date":"2016-12-04T10:00:55","date_gmt":"2016-12-04T08:00:55","guid":{"rendered":"http:\/\/www.sana.sy\/tr\/?p=97071"},"modified":"2016-12-05T12:16:29","modified_gmt":"2016-12-05T10:16:29","slug":"hama-kirsalinda-40-kisi-aftan-yararlandi","status":"publish","type":"post","link":"https:\/\/archive.sana.sy\/tr\/?p=97071","title":{"rendered":"Hama K\u0131rsal\u0131nda 40 Ki\u015fi Aftan Yararland\u0131"},"content":{"rendered":"<p>HAMA \u2013 Hama Valili\u011finin yerel uzla\u015fma komiteleri ile i\u015fbirli\u011fi i\u00e7inde harcad\u0131\u011f\u0131 \u00e7abalar kapsam\u0131nda bug\u00fcn kanun ka\u00e7a\u011f\u0131 40 ki\u015finin kanuni durumlar\u0131 2016\/15 say\u0131l\u0131 af karar\u0131 kapsam\u0131nda yeniden d\u00fczenlenerek serbest b\u0131rak\u0131ld\u0131lar.<\/p>\n<p><a href=\"http:\/\/www.sana.sy\/tr\/wp-content\/uploads\/2016\/12\/durum-d\u00fczeltme2.jpg\"><img loading=\"lazy\" decoding=\"async\" class=\"alignright wp-image-97077 size-medium\" src=\"http:\/\/www.sana.sy\/tr\/wp-content\/uploads\/2016\/12\/durum-d\u00fczeltme2-300x199.jpg\" alt=\"durum-duzeltme2\" width=\"300\" height=\"199\" srcset=\"https:\/\/archive.sana.sy\/tr\/wp-content\/uploads\/2016\/12\/durum-d\u00fczeltme2-300x199.jpg 300w, https:\/\/archive.sana.sy\/tr\/wp-content\/uploads\/2016\/12\/durum-d\u00fczeltme2-150x100.jpg 150w, https:\/\/archive.sana.sy\/tr\/wp-content\/uploads\/2016\/12\/durum-d\u00fczeltme2-768x510.jpg 768w, https:\/\/archive.sana.sy\/tr\/wp-content\/uploads\/2016\/12\/durum-d\u00fczeltme2-1024x680.jpg 1024w, https:\/\/archive.sana.sy\/tr\/wp-content\/uploads\/2016\/12\/durum-d\u00fczeltme2-310x205.jpg 310w\" sizes=\"auto, (max-width: 300px) 100vw, 300px\" \/><\/a>Hama Valisi Muhammed el Hazzuri bas\u0131na yapt\u0131\u011f\u0131 a\u00e7\u0131klamada; devletin muhtelif \u015fekillerde oyuna getirilerek ter\u00f6r eylemlerine kat\u0131lan vatanda\u015flar\u0131 yeniden vatana kazand\u0131rmak ve kanlar\u0131n d\u00f6k\u00fclmesine son verme \u00f6zenini vurgulad\u0131.<\/p>\n<p>Af karar\u0131ndan faydalan\u0131p normal ya\u015famlar\u0131na d\u00f6nen vatanda\u015flar\u0131 ter\u00f6r\u00fcn yol a\u00e7t\u0131\u011f\u0131 y\u0131k\u0131m\u0131 onarma \u00e7abalar\u0131na kat\u0131lmaya \u00e7a\u011f\u0131ran Vali Hazzuri; Suriye ordusunun vatan topraklar\u0131n\u0131n istisnas\u0131z t\u00fcm b\u00f6lgelerini d\u0131\u015f g\u00fc\u00e7lere tabi ter\u00f6rden temizleme azim ve kararl\u0131l\u0131\u011f\u0131n\u0131n alt\u0131n\u0131 \u00e7izdi.<\/p>\n","protected":false},"excerpt":{"rendered":"<p>HAMA \u2013 Hama Valili\u011finin yerel uzla\u015fma komiteleri ile i\u015fbirli\u011fi i\u00e7inde harcad\u0131\u011f\u0131 \u00e7abalar kapsam\u0131nda bug\u00fcn kanun ka\u00e7a\u011f\u0131 40 ki\u015finin kanuni durumlar\u0131 2016\/15 say\u0131l\u0131 af karar\u0131 kapsam\u0131nda yeniden d\u00fczenlenerek serbest b\u0131rak\u0131ld\u0131lar. Hama Valisi Muhammed el Hazzuri bas\u0131na yapt\u0131\u011f\u0131 a\u00e7\u0131klamada; devletin muhtelif \u015fekillerde oyuna getirilerek ter\u00f6r eylemlerine kat\u0131lan vatanda\u015flar\u0131 yeniden vatana kazand\u0131rmak ve kanlar\u0131n d\u00f6k\u00fclmesine son verme \u00f6zenini &hellip;<\/p>\n","protected":false},"author":1,"featured_media":97074,"comment_status":"closed","ping_status":"closed","sticky":false,"template":"","format":"standard","meta":{"footnotes":""},"categories":[479,575,17988,478],"tags":[25706,25707],"class_list":["post-97071","post","type-post","status-publish","format-standard","has-post-thumbnail","","category-haberler-yerel","category-olaylar-ve-gercekler","category-son-haberler","category-yerel","tag-hama-kirsalinda-40-kisi-aftan-yararlandi","tag-hama-valiligi"],"_links":{"self":[{"href":"https:\/\/archive.sana.sy\/tr\/index.php?rest_route=\/wp\/v2\/posts\/97071","targetHints":{"allow":["GET"]}}],"collection":[{"href":"https:\/\/archive.sana.sy\/tr\/index.php?rest_route=\/wp\/v2\/posts"}],"about":[{"href":"https:\/\/archive.sana.sy\/tr\/index.php?rest_route=\/wp\/v2\/types\/post"}],"author":[{"embeddable":true,"href":"https:\/\/archive.sana.sy\/tr\/index.php?rest_route=\/wp\/v2\/users\/1"}],"replies":[{"embeddable":true,"href":"https:\/\/archive.sana.sy\/tr\/index.php?rest_route=%2Fwp%2Fv2%2Fcomments&post=97071"}],"version-history":[{"count":0,"href":"https:\/\/archive.sana.sy\/tr\/index.php?rest_route=\/wp\/v2\/posts\/97071\/revisions"}],"wp:featuredmedia":[{"embeddable":true,"href":"https:\/\/archive.sana.sy\/tr\/index.php?rest_route=\/wp\/v2\/media\/97074"}],"wp:attachment":[{"href":"https:\/\/archive.sana.sy\/tr\/index.php?rest_route=%2Fwp%2Fv2%2Fmedia&parent=97071"}],"wp:term":[{"taxonomy":"category","embeddable":true,"href":"https:\/\/archive.sana.sy\/tr\/index.php?rest_route=%2Fwp%2Fv2%2Fcategories&post=97071"},{"taxonomy":"post_tag","embeddable":true,"href":"https:\/\/archive.sana.sy\/tr\/index.php?rest_route=%2Fwp%2Fv2%2Ftags&post=97071"}],"curies":[{"name":"wp","href":"https:\/\/api.w.org\/{rel}","templated":true}]}}