{"id":97135,"date":"2016-12-05T08:42:59","date_gmt":"2016-12-05T06:42:59","guid":{"rendered":"http:\/\/www.sana.sy\/tr\/?p=97135"},"modified":"2016-12-05T13:03:09","modified_gmt":"2016-12-05T11:03:09","slug":"halep-emniyet-mudurlugunde-bir-kaynak-erdogan-ve-al-suud-rejimlerine-tabi-nusra-cephesi-ve-muttefikleri-diger-teroristlerin-sabah-saatlerinde-halep-kentinin-sivil-yerlesim-alanlarindan-meridyen-ve-zeh","status":"publish","type":"post","link":"https:\/\/archive.sana.sy\/tr\/?p=97135","title":{"rendered":"Halep Emniyet M\u00fcd\u00fcrl\u00fc\u011f\u00fcnde bir kaynak Erdo\u011fan ve Al Suud rejimlerine tabi Nusra Cephesi ve m\u00fcttefikleri di\u011fer ter\u00f6ristlerin sabah saatlerinde Halep Kentinin sivil yerle\u015fim alanlar\u0131ndan Meridyen ve Zehra semtlerini yine f\u00fcze ya\u011fmuruna tuttuklar\u0131n\u0131 belirtti"},"content":{"rendered":"<p>Halep Emniyet M\u00fcd\u00fcrl\u00fc\u011f\u00fcnde bir kaynak Erdo\u011fan ve Al Suud rejimlerine tabi Nusra Cephesi ve m\u00fcttefikleri di\u011fer ter\u00f6ristlerin sabah saatlerinde Halep Kentinin sivil yerle\u015fim alanlar\u0131ndan Meridyen ve Zehra semtlerini yine f\u00fcze ya\u011fmuruna tuttuklar\u0131n\u0131 belirtti<\/p>\n","protected":false},"excerpt":{"rendered":"<p>Halep Emniyet M\u00fcd\u00fcrl\u00fc\u011f\u00fcnde bir kaynak Erdo\u011fan ve Al Suud rejimlerine tabi Nusra Cephesi ve m\u00fcttefikleri di\u011fer ter\u00f6ristlerin sabah saatlerinde Halep Kentinin sivil yerle\u015fim alanlar\u0131ndan Meridyen ve Zehra semtlerini yine f\u00fcze ya\u011fmuruna tuttuklar\u0131n\u0131 belirtti<\/p>\n","protected":false},"author":1,"featured_media":0,"comment_status":"closed","ping_status":"closed","sticky":false,"template":"","format":"standard","meta":{"footnotes":""},"categories":[17991],"tags":[],"class_list":["post-97135","post","type-post","status-publish","format-standard","","category-son-dakika"],"_links":{"self":[{"href":"https:\/\/archive.sana.sy\/tr\/index.php?rest_route=\/wp\/v2\/posts\/97135","targetHints":{"allow":["GET"]}}],"collection":[{"href":"https:\/\/archive.sana.sy\/tr\/index.php?rest_route=\/wp\/v2\/posts"}],"about":[{"href":"https:\/\/archive.sana.sy\/tr\/index.php?rest_route=\/wp\/v2\/types\/post"}],"author":[{"embeddable":true,"href":"https:\/\/archive.sana.sy\/tr\/index.php?rest_route=\/wp\/v2\/users\/1"}],"replies":[{"embeddable":true,"href":"https:\/\/archive.sana.sy\/tr\/index.php?rest_route=%2Fwp%2Fv2%2Fcomments&post=97135"}],"version-history":[{"count":0,"href":"https:\/\/archive.sana.sy\/tr\/index.php?rest_route=\/wp\/v2\/posts\/97135\/revisions"}],"wp:attachment":[{"href":"https:\/\/archive.sana.sy\/tr\/index.php?rest_route=%2Fwp%2Fv2%2Fmedia&parent=97135"}],"wp:term":[{"taxonomy":"category","embeddable":true,"href":"https:\/\/archive.sana.sy\/tr\/index.php?rest_route=%2Fwp%2Fv2%2Fcategories&post=97135"},{"taxonomy":"post_tag","embeddable":true,"href":"https:\/\/archive.sana.sy\/tr\/index.php?rest_route=%2Fwp%2Fv2%2Ftags&post=97135"}],"curies":[{"name":"wp","href":"https:\/\/api.w.org\/{rel}","templated":true}]}}