{"id":9726,"date":"2014-09-11T17:02:27","date_gmt":"2014-09-11T14:02:27","guid":{"rendered":"http:\/\/www.sana.sy\/tr\/?p=9726"},"modified":"2014-09-11T23:35:55","modified_gmt":"2014-09-11T20:35:55","slug":"lubnan-ordusu-ersalda-bir-bombali-araci-etkisizlestirdi","status":"publish","type":"post","link":"https:\/\/archive.sana.sy\/tr\/?p=9726","title":{"rendered":"L\u00fcbnan ordusu Ersal\u2019da bir bombal\u0131 Arac\u0131 Etkisizle\u015ftirdi"},"content":{"rendered":"<p>BEYRUT &#8211; L\u00fcbnan Ordusu bug\u00fcn \u00fclkenin do\u011fusundaki Ersal\u2019a ba\u011fl\u0131 Vadi Hamit b\u00f6lgesinde bomba y\u00fckl\u00fc bir arac\u0131 etkisizle\u015ftirdi.<\/p>\n<p>Ordu yay\u0131nlad\u0131\u011f\u0131 bir bildiride ordunun Ayn el \u015eaab mahallesinde kenara \u00e7ekilmi\u015f Suriye plakal\u0131 bir arabadan\u0131n \u015f\u00fcphe \u00fczerine inceledi\u011finde, metal kutular i\u00e7erisinde patlamaya haz\u0131r bir \u015fekilde 100 kilo patlay\u0131c\u0131 madde bulundu\u011funu a\u00e7\u0131klad\u0131.<\/p>\n<p>Bildiride olay yerine gelen bomba imha ekiplerinin\u00a0 patlay\u0131c\u0131 maddeleri etkisizle\u015ftirdi\u011fi kaydedildi.<\/p>\n<p>&nbsp;<\/p>\n","protected":false},"excerpt":{"rendered":"<p>BEYRUT &#8211; L\u00fcbnan Ordusu bug\u00fcn \u00fclkenin do\u011fusundaki Ersal\u2019a ba\u011fl\u0131 Vadi Hamit b\u00f6lgesinde bomba y\u00fckl\u00fc bir arac\u0131 etkisizle\u015ftirdi. Ordu yay\u0131nlad\u0131\u011f\u0131 bir bildiride ordunun Ayn el \u015eaab mahallesinde kenara \u00e7ekilmi\u015f Suriye plakal\u0131 bir arabadan\u0131n \u015f\u00fcphe \u00fczerine inceledi\u011finde, metal kutular i\u00e7erisinde patlamaya haz\u0131r bir \u015fekilde 100 kilo patlay\u0131c\u0131 madde bulundu\u011funu a\u00e7\u0131klad\u0131. Bildiride olay yerine gelen bomba imha ekiplerinin\u00a0 &hellip;<\/p>\n","protected":false},"author":1,"featured_media":9727,"comment_status":"closed","ping_status":"closed","sticky":false,"template":"","format":"standard","meta":{"footnotes":""},"categories":[458,459,584],"tags":[2198],"class_list":["post-9726","post","type-post","status-publish","format-standard","has-post-thumbnail","","category-dunya1","category-haberler-arap-uluslararasi-politika","category-yurtdisinda-sana-ofisleri","tag-lubnan-ordusu-ersalda-bir-bombali-araci-etkisizlestirdi"],"_links":{"self":[{"href":"https:\/\/archive.sana.sy\/tr\/index.php?rest_route=\/wp\/v2\/posts\/9726","targetHints":{"allow":["GET"]}}],"collection":[{"href":"https:\/\/archive.sana.sy\/tr\/index.php?rest_route=\/wp\/v2\/posts"}],"about":[{"href":"https:\/\/archive.sana.sy\/tr\/index.php?rest_route=\/wp\/v2\/types\/post"}],"author":[{"embeddable":true,"href":"https:\/\/archive.sana.sy\/tr\/index.php?rest_route=\/wp\/v2\/users\/1"}],"replies":[{"embeddable":true,"href":"https:\/\/archive.sana.sy\/tr\/index.php?rest_route=%2Fwp%2Fv2%2Fcomments&post=9726"}],"version-history":[{"count":0,"href":"https:\/\/archive.sana.sy\/tr\/index.php?rest_route=\/wp\/v2\/posts\/9726\/revisions"}],"wp:featuredmedia":[{"embeddable":true,"href":"https:\/\/archive.sana.sy\/tr\/index.php?rest_route=\/wp\/v2\/media\/9727"}],"wp:attachment":[{"href":"https:\/\/archive.sana.sy\/tr\/index.php?rest_route=%2Fwp%2Fv2%2Fmedia&parent=9726"}],"wp:term":[{"taxonomy":"category","embeddable":true,"href":"https:\/\/archive.sana.sy\/tr\/index.php?rest_route=%2Fwp%2Fv2%2Fcategories&post=9726"},{"taxonomy":"post_tag","embeddable":true,"href":"https:\/\/archive.sana.sy\/tr\/index.php?rest_route=%2Fwp%2Fv2%2Ftags&post=9726"}],"curies":[{"name":"wp","href":"https:\/\/api.w.org\/{rel}","templated":true}]}}