{"id":97262,"date":"2016-12-06T09:54:58","date_gmt":"2016-12-06T07:54:58","guid":{"rendered":"http:\/\/www.sana.sy\/tr\/?p=97262"},"modified":"2016-12-06T14:00:15","modified_gmt":"2016-12-06T12:00:15","slug":"disisleri-ve-gurbetciler-bakanligi-bugun-yayinladigi-ve-sananin-bir-nushasini-aldigi-bulteninde-bu-saldirilarin-batili-bir-kisim-devletler-ve-muttefikleri-olan-kimi-devletlerin-ili","status":"publish","type":"post","link":"https:\/\/archive.sana.sy\/tr\/?p=97262","title":{"rendered":"D\u0131\u015fi\u015fleri ve Gurbet\u00e7iler Bakanl\u0131\u011f\u0131 bug\u00fcn yay\u0131nlad\u0131\u011f\u0131 ve SANA\u2019n\u0131n bir n\u00fcshas\u0131n\u0131 ald\u0131\u011f\u0131 b\u00fclteninde; bu sald\u0131r\u0131lar\u0131n, Bat\u0131l\u0131 bir k\u0131s\u0131m devletler ve m\u00fcttefikleri olan kimi devletlerin \u2018\u0131l\u0131ml\u0131 muhalifler\u2019 ad\u0131n\u0131 vermeye \u0131srar ettikleri ter\u00f6ristlerin ger\u00e7ek yap\u0131s\u0131n\u0131 ve caniliklerini net bir \u015fekilde ortaya koydu\u011funun alt\u0131n\u0131 \u00e7izdi"},"content":{"rendered":"<p>D\u0131\u015fi\u015fleri ve Gurbet\u00e7iler Bakanl\u0131\u011f\u0131 bug\u00fcn yay\u0131nlad\u0131\u011f\u0131 ve SANA\u2019n\u0131n bir n\u00fcshas\u0131n\u0131 ald\u0131\u011f\u0131 b\u00fclteninde; bu sald\u0131r\u0131lar\u0131n, Bat\u0131l\u0131 bir k\u0131s\u0131m devletler ve m\u00fcttefikleri olan kimi devletlerin \u2018\u0131l\u0131ml\u0131 muhalifler\u2019 ad\u0131n\u0131 vermeye \u0131srar ettikleri ter\u00f6ristlerin ger\u00e7ek yap\u0131s\u0131n\u0131 ve caniliklerini net bir \u015fekilde ortaya koydu\u011funun alt\u0131n\u0131 \u00e7izdi<\/p>\n","protected":false},"excerpt":{"rendered":"<p>D\u0131\u015fi\u015fleri ve Gurbet\u00e7iler Bakanl\u0131\u011f\u0131 bug\u00fcn yay\u0131nlad\u0131\u011f\u0131 ve SANA\u2019n\u0131n bir n\u00fcshas\u0131n\u0131 ald\u0131\u011f\u0131 b\u00fclteninde; bu sald\u0131r\u0131lar\u0131n, Bat\u0131l\u0131 bir k\u0131s\u0131m devletler ve m\u00fcttefikleri olan kimi devletlerin \u2018\u0131l\u0131ml\u0131 muhalifler\u2019 ad\u0131n\u0131 vermeye \u0131srar ettikleri ter\u00f6ristlerin ger\u00e7ek yap\u0131s\u0131n\u0131 ve caniliklerini net bir \u015fekilde ortaya koydu\u011funun alt\u0131n\u0131 \u00e7izdi<\/p>\n","protected":false},"author":1,"featured_media":0,"comment_status":"closed","ping_status":"closed","sticky":false,"template":"","format":"standard","meta":{"footnotes":""},"categories":[17991],"tags":[],"class_list":["post-97262","post","type-post","status-publish","format-standard","","category-son-dakika"],"_links":{"self":[{"href":"https:\/\/archive.sana.sy\/tr\/index.php?rest_route=\/wp\/v2\/posts\/97262","targetHints":{"allow":["GET"]}}],"collection":[{"href":"https:\/\/archive.sana.sy\/tr\/index.php?rest_route=\/wp\/v2\/posts"}],"about":[{"href":"https:\/\/archive.sana.sy\/tr\/index.php?rest_route=\/wp\/v2\/types\/post"}],"author":[{"embeddable":true,"href":"https:\/\/archive.sana.sy\/tr\/index.php?rest_route=\/wp\/v2\/users\/1"}],"replies":[{"embeddable":true,"href":"https:\/\/archive.sana.sy\/tr\/index.php?rest_route=%2Fwp%2Fv2%2Fcomments&post=97262"}],"version-history":[{"count":0,"href":"https:\/\/archive.sana.sy\/tr\/index.php?rest_route=\/wp\/v2\/posts\/97262\/revisions"}],"wp:attachment":[{"href":"https:\/\/archive.sana.sy\/tr\/index.php?rest_route=%2Fwp%2Fv2%2Fmedia&parent=97262"}],"wp:term":[{"taxonomy":"category","embeddable":true,"href":"https:\/\/archive.sana.sy\/tr\/index.php?rest_route=%2Fwp%2Fv2%2Fcategories&post=97262"},{"taxonomy":"post_tag","embeddable":true,"href":"https:\/\/archive.sana.sy\/tr\/index.php?rest_route=%2Fwp%2Fv2%2Ftags&post=97262"}],"curies":[{"name":"wp","href":"https:\/\/api.w.org\/{rel}","templated":true}]}}