{"id":97285,"date":"2016-12-05T23:19:58","date_gmt":"2016-12-05T21:19:58","guid":{"rendered":"http:\/\/www.sana.sy\/tr\/?p=97285"},"modified":"2016-12-06T14:06:55","modified_gmt":"2016-12-06T12:06:55","slug":"caferi-bu-uc-sovalyenin-yani-sira-turkiye-suudi-arabistan-ve-katar-gibi-daha-baska-devletlerin-terore-destekleri-amaciyla-resmi-ve-gayri-resmi-toplantilar-organize-etme-cabalarinin-bmyi-asil","status":"publish","type":"post","link":"https:\/\/archive.sana.sy\/tr\/?p=97285","title":{"rendered":"Caferi bu \u00fc\u00e7 \u015f\u00f6valyenin yan\u0131 s\u0131ra T\u00fcrkiye, Suudi Arabistan ve Katar gibi daha ba\u015fka devletlerin ter\u00f6re destekleri amac\u0131yla resmi ve gayr\u0131 resmi toplant\u0131lar organize etme \u00e7abalar\u0131n\u0131n BM\u2019yi as\u0131l g\u00f6revi olan uluslararas\u0131 g\u00fcvenlik ve bar\u0131\u015f\u0131 sa\u011flama rol\u00fcnden al\u0131koydu\u011funa dikkat \u00e7ekti"},"content":{"rendered":"<p>Caferi bu \u00fc\u00e7 \u015f\u00f6valyenin yan\u0131 s\u0131ra T\u00fcrkiye, Suudi Arabistan ve Katar gibi daha ba\u015fka devletlerin ter\u00f6re destekleri amac\u0131yla resmi ve gayr\u0131 resmi toplant\u0131lar organize etme \u00e7abalar\u0131n\u0131n BM\u2019yi as\u0131l g\u00f6revi olan uluslararas\u0131 g\u00fcvenlik ve bar\u0131\u015f\u0131 sa\u011flama rol\u00fcnden al\u0131koydu\u011funa dikkat \u00e7ekti<\/p>\n","protected":false},"excerpt":{"rendered":"<p>Caferi bu \u00fc\u00e7 \u015f\u00f6valyenin yan\u0131 s\u0131ra T\u00fcrkiye, Suudi Arabistan ve Katar gibi daha ba\u015fka devletlerin ter\u00f6re destekleri amac\u0131yla resmi ve gayr\u0131 resmi toplant\u0131lar organize etme \u00e7abalar\u0131n\u0131n BM\u2019yi as\u0131l g\u00f6revi olan uluslararas\u0131 g\u00fcvenlik ve bar\u0131\u015f\u0131 sa\u011flama rol\u00fcnden al\u0131koydu\u011funa dikkat \u00e7ekti<\/p>\n","protected":false},"author":1,"featured_media":0,"comment_status":"closed","ping_status":"closed","sticky":false,"template":"","format":"standard","meta":{"footnotes":""},"categories":[17991],"tags":[],"class_list":["post-97285","post","type-post","status-publish","format-standard","","category-son-dakika"],"_links":{"self":[{"href":"https:\/\/archive.sana.sy\/tr\/index.php?rest_route=\/wp\/v2\/posts\/97285","targetHints":{"allow":["GET"]}}],"collection":[{"href":"https:\/\/archive.sana.sy\/tr\/index.php?rest_route=\/wp\/v2\/posts"}],"about":[{"href":"https:\/\/archive.sana.sy\/tr\/index.php?rest_route=\/wp\/v2\/types\/post"}],"author":[{"embeddable":true,"href":"https:\/\/archive.sana.sy\/tr\/index.php?rest_route=\/wp\/v2\/users\/1"}],"replies":[{"embeddable":true,"href":"https:\/\/archive.sana.sy\/tr\/index.php?rest_route=%2Fwp%2Fv2%2Fcomments&post=97285"}],"version-history":[{"count":0,"href":"https:\/\/archive.sana.sy\/tr\/index.php?rest_route=\/wp\/v2\/posts\/97285\/revisions"}],"wp:attachment":[{"href":"https:\/\/archive.sana.sy\/tr\/index.php?rest_route=%2Fwp%2Fv2%2Fmedia&parent=97285"}],"wp:term":[{"taxonomy":"category","embeddable":true,"href":"https:\/\/archive.sana.sy\/tr\/index.php?rest_route=%2Fwp%2Fv2%2Fcategories&post=97285"},{"taxonomy":"post_tag","embeddable":true,"href":"https:\/\/archive.sana.sy\/tr\/index.php?rest_route=%2Fwp%2Fv2%2Ftags&post=97285"}],"curies":[{"name":"wp","href":"https:\/\/api.w.org\/{rel}","templated":true}]}}