{"id":97287,"date":"2016-12-05T23:21:34","date_gmt":"2016-12-05T21:21:34","guid":{"rendered":"http:\/\/www.sana.sy\/tr\/?p=97287"},"modified":"2016-12-06T14:07:21","modified_gmt":"2016-12-06T12:07:21","slug":"suriyenin-muttefiklerinin-destegi-ile-soz-konusu-bu-devletlerin-bmgkyi-edat-olarak-kullanma-cabalarina-teslim-olmayacagini-vurgulayan-caferi-suriyenin-terorle-mucadele-ve-b","status":"publish","type":"post","link":"https:\/\/archive.sana.sy\/tr\/?p=97287","title":{"rendered":"Suriye\u2019nin m\u00fcttefiklerinin deste\u011fi ile s\u00f6z konusu bu devletlerin BMGK\u2019yi edat olarak kullanma \u00e7abalar\u0131na teslim olmayaca\u011f\u0131n\u0131 vurgulayan Caferi, Suriye\u2019nin ter\u00f6rle m\u00fccadele ve BM kararlar\u0131 ve misak\u0131na ba\u011fl\u0131l\u0131\u011f\u0131n\u0131 s\u00fcrd\u00fcrme kararl\u0131l\u0131\u011f\u0131n\u0131n da alt\u0131n\u0131 \u00e7izdi"},"content":{"rendered":"<p>Suriye\u2019nin m\u00fcttefiklerinin deste\u011fi ile s\u00f6z konusu bu devletlerin BMGK\u2019yi edat olarak kullanma \u00e7abalar\u0131na teslim olmayaca\u011f\u0131n\u0131 vurgulayan Caferi, Suriye\u2019nin ter\u00f6rle m\u00fccadele ve BM kararlar\u0131 ve misak\u0131na ba\u011fl\u0131l\u0131\u011f\u0131n\u0131 s\u00fcrd\u00fcrme kararl\u0131l\u0131\u011f\u0131n\u0131n da alt\u0131n\u0131 \u00e7izdi<\/p>\n","protected":false},"excerpt":{"rendered":"<p>Suriye\u2019nin m\u00fcttefiklerinin deste\u011fi ile s\u00f6z konusu bu devletlerin BMGK\u2019yi edat olarak kullanma \u00e7abalar\u0131na teslim olmayaca\u011f\u0131n\u0131 vurgulayan Caferi, Suriye\u2019nin ter\u00f6rle m\u00fccadele ve BM kararlar\u0131 ve misak\u0131na ba\u011fl\u0131l\u0131\u011f\u0131n\u0131 s\u00fcrd\u00fcrme kararl\u0131l\u0131\u011f\u0131n\u0131n da alt\u0131n\u0131 \u00e7izdi<\/p>\n","protected":false},"author":1,"featured_media":0,"comment_status":"closed","ping_status":"closed","sticky":false,"template":"","format":"standard","meta":{"footnotes":""},"categories":[17991],"tags":[],"class_list":["post-97287","post","type-post","status-publish","format-standard","","category-son-dakika"],"_links":{"self":[{"href":"https:\/\/archive.sana.sy\/tr\/index.php?rest_route=\/wp\/v2\/posts\/97287","targetHints":{"allow":["GET"]}}],"collection":[{"href":"https:\/\/archive.sana.sy\/tr\/index.php?rest_route=\/wp\/v2\/posts"}],"about":[{"href":"https:\/\/archive.sana.sy\/tr\/index.php?rest_route=\/wp\/v2\/types\/post"}],"author":[{"embeddable":true,"href":"https:\/\/archive.sana.sy\/tr\/index.php?rest_route=\/wp\/v2\/users\/1"}],"replies":[{"embeddable":true,"href":"https:\/\/archive.sana.sy\/tr\/index.php?rest_route=%2Fwp%2Fv2%2Fcomments&post=97287"}],"version-history":[{"count":0,"href":"https:\/\/archive.sana.sy\/tr\/index.php?rest_route=\/wp\/v2\/posts\/97287\/revisions"}],"wp:attachment":[{"href":"https:\/\/archive.sana.sy\/tr\/index.php?rest_route=%2Fwp%2Fv2%2Fmedia&parent=97287"}],"wp:term":[{"taxonomy":"category","embeddable":true,"href":"https:\/\/archive.sana.sy\/tr\/index.php?rest_route=%2Fwp%2Fv2%2Fcategories&post=97287"},{"taxonomy":"post_tag","embeddable":true,"href":"https:\/\/archive.sana.sy\/tr\/index.php?rest_route=%2Fwp%2Fv2%2Ftags&post=97287"}],"curies":[{"name":"wp","href":"https:\/\/api.w.org\/{rel}","templated":true}]}}