{"id":9730,"date":"2014-09-11T17:29:30","date_gmt":"2014-09-11T14:29:30","guid":{"rendered":"http:\/\/www.sana.sy\/tr\/?p=9730"},"modified":"2014-09-11T17:29:30","modified_gmt":"2014-09-11T14:29:30","slug":"askeri-kaynak-kahraman-ordu-birliklerimizim-kunaytira-kirsalinda-neb-el-sahr-kefr-sems-ve-umm-el-avsecde-cok-sayida-teroristi-olu-ve-yarali-olarak-dusurdugunu-tliha-beldesinde-ise-bir-araci","status":"publish","type":"post","link":"https:\/\/archive.sana.sy\/tr\/?p=9730","title":{"rendered":"Askeri kaynak kahraman ordu birliklerimizim Kunaytira k\u0131rsal\u0131nda Neb el Sahr, Kefr \u015eems ve \u00dcmm el Avsec\u2019de \u00e7ok say\u0131da ter\u00f6risti \u00f6l\u00fc ve yaral\u0131 olarak d\u00fc\u015f\u00fcrd\u00fc\u011f\u00fcn\u00fc, Tliha beldesinde ise bir arac\u0131 i\u00e7erisindekilerle beraber havaya u\u00e7urdu\u011funu a\u00e7\u0131klad\u0131."},"content":{"rendered":"<p>Askeri kaynak kahraman ordu birliklerimizim Kunaytira k\u0131rsal\u0131nda Neb el Sahr, Kefr \u015eems ve \u00dcmm el Avsec\u2019de \u00e7ok say\u0131da ter\u00f6risti \u00f6l\u00fc ve yaral\u0131 olarak d\u00fc\u015f\u00fcrd\u00fc\u011f\u00fcn\u00fc, Tliha beldesinde ise bir arac\u0131 i\u00e7erisindekilerle beraber havaya u\u00e7urdu\u011funu a\u00e7\u0131klad\u0131.<\/p>\n","protected":false},"excerpt":{"rendered":"<p>Askeri kaynak kahraman ordu birliklerimizim Kunaytira k\u0131rsal\u0131nda Neb el Sahr, Kefr \u015eems ve \u00dcmm el Avsec\u2019de \u00e7ok say\u0131da ter\u00f6risti \u00f6l\u00fc ve yaral\u0131 olarak d\u00fc\u015f\u00fcrd\u00fc\u011f\u00fcn\u00fc, Tliha beldesinde ise bir arac\u0131 i\u00e7erisindekilerle beraber havaya u\u00e7urdu\u011funu a\u00e7\u0131klad\u0131.<\/p>\n","protected":false},"author":1,"featured_media":0,"comment_status":"closed","ping_status":"closed","sticky":false,"template":"","format":"standard","meta":{"footnotes":""},"categories":[1],"tags":[2199,2200,2201],"class_list":["post-9730","post","type-post","status-publish","format-standard","","category-news-not-sorted","tag-askeri-kaynak-kahraman-ordu-birliklerimizim-kunaytira-kirsalinda-neb-el-sahr","tag-kefr-sems-ve-umm-el-avsecde-cok-sayida-teroristi-olu-ve-yarali-olarak-dusurdugunu","tag-tliha-beldesinde-ise-bir-araci-icerisindekilerle-beraber-havaya-ucurdugunu-acikladi"],"_links":{"self":[{"href":"https:\/\/archive.sana.sy\/tr\/index.php?rest_route=\/wp\/v2\/posts\/9730","targetHints":{"allow":["GET"]}}],"collection":[{"href":"https:\/\/archive.sana.sy\/tr\/index.php?rest_route=\/wp\/v2\/posts"}],"about":[{"href":"https:\/\/archive.sana.sy\/tr\/index.php?rest_route=\/wp\/v2\/types\/post"}],"author":[{"embeddable":true,"href":"https:\/\/archive.sana.sy\/tr\/index.php?rest_route=\/wp\/v2\/users\/1"}],"replies":[{"embeddable":true,"href":"https:\/\/archive.sana.sy\/tr\/index.php?rest_route=%2Fwp%2Fv2%2Fcomments&post=9730"}],"version-history":[{"count":0,"href":"https:\/\/archive.sana.sy\/tr\/index.php?rest_route=\/wp\/v2\/posts\/9730\/revisions"}],"wp:attachment":[{"href":"https:\/\/archive.sana.sy\/tr\/index.php?rest_route=%2Fwp%2Fv2%2Fmedia&parent=9730"}],"wp:term":[{"taxonomy":"category","embeddable":true,"href":"https:\/\/archive.sana.sy\/tr\/index.php?rest_route=%2Fwp%2Fv2%2Fcategories&post=9730"},{"taxonomy":"post_tag","embeddable":true,"href":"https:\/\/archive.sana.sy\/tr\/index.php?rest_route=%2Fwp%2Fv2%2Ftags&post=9730"}],"curies":[{"name":"wp","href":"https:\/\/api.w.org\/{rel}","templated":true}]}}