{"id":9733,"date":"2014-09-11T17:54:27","date_gmt":"2014-09-11T14:54:27","guid":{"rendered":"http:\/\/www.sana.sy\/tr\/?p=9733"},"modified":"2014-09-13T12:15:06","modified_gmt":"2014-09-13T09:15:06","slug":"suriye-hukumetinin-destegiyle-yermuk-multeci-kampinda-gida-paketleri-dagitiliyor","status":"publish","type":"post","link":"https:\/\/archive.sana.sy\/tr\/?p=9733","title":{"rendered":"Suriye H\u00fck\u00fcmetinin Deste\u011fiyle Yerm\u00fck M\u00fclteci Kamp\u0131nda G\u0131da Paketleri Da\u011f\u0131t\u0131l\u0131yor"},"content":{"rendered":"<p>\u015eAM \u2013 Suriye h\u00fck\u00fcmetinin deste\u011fiyle \u0130nsani Yard\u0131m Y\u00fcksek Komitesinin kontrol\u00fcnde Arap Filistinli M\u00fclteciler Genel Kurulu ve Birle\u015fmi\u015f Milletler Filistinli M\u00fcltecilere Yard\u0131m Kurulu\u015fu UNRWA\u2019yla birlikte Yermuk mahallesinde ter\u00f6rist \u00f6rg\u00fctler taraf\u0131ndan ku\u015fatma alt\u0131nda kalan \u00e7o\u011fu Filistinli halka insani yard\u0131m da\u011f\u0131tmaya devam etti.<\/p>\n<p>Heyet Genel M\u00fcd\u00fcr\u00fc Ali Mustafa, bug\u00fcn 350 g\u0131da paketinin da\u011f\u0131tma i\u015fleminin tamamland\u0131\u011f\u0131n\u0131 aktard\u0131.<\/p>\n<p>B\u00f6ylece Yermuk halk\u0131 sakini Suriyelilere ve Filistinlilere ula\u015ft\u0131r\u0131lan toplam yard\u0131m, 48295 g\u0131da paketi ve 6949 sa\u011fl\u0131k paketi oldu.<\/p>\n<p>Mustafa UNRWA\u2019n\u0131n t\u0131bbi yard\u0131m vermeye devam etti\u011fini, baz\u0131 hastalar\u0131 tedavi etti\u011fini, Nur Hay\u0131r Derne\u011fi\u2019nin \u00e7ocuklar\u0131 a\u015f\u0131land\u0131rd\u0131\u011f\u0131n\u0131 ve kamptan iki hastan\u0131n nakledildi\u011fini belirtti.<\/p>\n","protected":false},"excerpt":{"rendered":"<p>\u015eAM \u2013 Suriye h\u00fck\u00fcmetinin deste\u011fiyle \u0130nsani Yard\u0131m Y\u00fcksek Komitesinin kontrol\u00fcnde Arap Filistinli M\u00fclteciler Genel Kurulu ve Birle\u015fmi\u015f Milletler Filistinli M\u00fcltecilere Yard\u0131m Kurulu\u015fu UNRWA\u2019yla birlikte Yermuk mahallesinde ter\u00f6rist \u00f6rg\u00fctler taraf\u0131ndan ku\u015fatma alt\u0131nda kalan \u00e7o\u011fu Filistinli halka insani yard\u0131m da\u011f\u0131tmaya devam etti. Heyet Genel M\u00fcd\u00fcr\u00fc Ali Mustafa, bug\u00fcn 350 g\u0131da paketinin da\u011f\u0131tma i\u015fleminin tamamland\u0131\u011f\u0131n\u0131 aktard\u0131. B\u00f6ylece Yermuk &hellip;<\/p>\n","protected":false},"author":1,"featured_media":9734,"comment_status":"closed","ping_status":"closed","sticky":false,"template":"","format":"standard","meta":{"footnotes":""},"categories":[479,575,478],"tags":[2202],"class_list":["post-9733","post","type-post","status-publish","format-standard","has-post-thumbnail","","category-haberler-yerel","category-olaylar-ve-gercekler","category-yerel","tag-suriye-hukumetinin-destegiyle-yermuk-multeci-kampinda-gida-paketleri-dagitiliyor"],"_links":{"self":[{"href":"https:\/\/archive.sana.sy\/tr\/index.php?rest_route=\/wp\/v2\/posts\/9733","targetHints":{"allow":["GET"]}}],"collection":[{"href":"https:\/\/archive.sana.sy\/tr\/index.php?rest_route=\/wp\/v2\/posts"}],"about":[{"href":"https:\/\/archive.sana.sy\/tr\/index.php?rest_route=\/wp\/v2\/types\/post"}],"author":[{"embeddable":true,"href":"https:\/\/archive.sana.sy\/tr\/index.php?rest_route=\/wp\/v2\/users\/1"}],"replies":[{"embeddable":true,"href":"https:\/\/archive.sana.sy\/tr\/index.php?rest_route=%2Fwp%2Fv2%2Fcomments&post=9733"}],"version-history":[{"count":0,"href":"https:\/\/archive.sana.sy\/tr\/index.php?rest_route=\/wp\/v2\/posts\/9733\/revisions"}],"wp:featuredmedia":[{"embeddable":true,"href":"https:\/\/archive.sana.sy\/tr\/index.php?rest_route=\/wp\/v2\/media\/9734"}],"wp:attachment":[{"href":"https:\/\/archive.sana.sy\/tr\/index.php?rest_route=%2Fwp%2Fv2%2Fmedia&parent=9733"}],"wp:term":[{"taxonomy":"category","embeddable":true,"href":"https:\/\/archive.sana.sy\/tr\/index.php?rest_route=%2Fwp%2Fv2%2Fcategories&post=9733"},{"taxonomy":"post_tag","embeddable":true,"href":"https:\/\/archive.sana.sy\/tr\/index.php?rest_route=%2Fwp%2Fv2%2Ftags&post=9733"}],"curies":[{"name":"wp","href":"https:\/\/api.w.org\/{rel}","templated":true}]}}