{"id":9745,"date":"2014-09-11T19:10:02","date_gmt":"2014-09-11T16:10:02","guid":{"rendered":"http:\/\/www.sana.sy\/tr\/?p=9745"},"modified":"2014-09-11T19:10:02","modified_gmt":"2014-09-11T16:10:02","slug":"askeri-bir-kayak-ordu-birliklerimizin-hama-kirsalinda-murek-ve-zitada-terorist-topluluklara-saldirarak-cok-sayida-teroristi-oldurup-onlara-ait-bazi-silah-ve-cephanelik-depolarini-yok-ettigini","status":"publish","type":"post","link":"https:\/\/archive.sana.sy\/tr\/?p=9745","title":{"rendered":"Askeri bir kayak ordu birliklerimizin Hama k\u0131rsal\u0131nda M\u00fcrek ve Zita\u2019da ter\u00f6rist topluluklara sald\u0131rarak \u00e7ok say\u0131da ter\u00f6risti \u00f6ld\u00fcr\u00fcp onlara ait baz\u0131 silah ve cephanelik depolar\u0131n\u0131 yok etti\u011fini bildirdi."},"content":{"rendered":"<p>Askeri bir kayak ordu birliklerimizin Hama k\u0131rsal\u0131nda M\u00fcrek ve Zita\u2019da ter\u00f6rist topluluklara sald\u0131rarak \u00e7ok say\u0131da ter\u00f6risti \u00f6ld\u00fcr\u00fcp onlara ait baz\u0131 silah ve cephanelik depolar\u0131n\u0131 yok etti\u011fini bildirdi.<\/p>\n","protected":false},"excerpt":{"rendered":"<p>Askeri bir kayak ordu birliklerimizin Hama k\u0131rsal\u0131nda M\u00fcrek ve Zita\u2019da ter\u00f6rist topluluklara sald\u0131rarak \u00e7ok say\u0131da ter\u00f6risti \u00f6ld\u00fcr\u00fcp onlara ait baz\u0131 silah ve cephanelik depolar\u0131n\u0131 yok etti\u011fini bildirdi.<\/p>\n","protected":false},"author":1,"featured_media":0,"comment_status":"closed","ping_status":"closed","sticky":false,"template":"","format":"standard","meta":{"footnotes":""},"categories":[1],"tags":[2206],"class_list":["post-9745","post","type-post","status-publish","format-standard","","category-news-not-sorted","tag-askeri-bir-kayak-ordu-birliklerimizin-hama-kirsalinda-murek-ve-zitada-terorist-topluluklara-saldirarak-cok-sayida-teroristi-oldurup-onlara-ait-bazi-silah-ve-cephanelik-depolarini-yok-ettigini"],"_links":{"self":[{"href":"https:\/\/archive.sana.sy\/tr\/index.php?rest_route=\/wp\/v2\/posts\/9745","targetHints":{"allow":["GET"]}}],"collection":[{"href":"https:\/\/archive.sana.sy\/tr\/index.php?rest_route=\/wp\/v2\/posts"}],"about":[{"href":"https:\/\/archive.sana.sy\/tr\/index.php?rest_route=\/wp\/v2\/types\/post"}],"author":[{"embeddable":true,"href":"https:\/\/archive.sana.sy\/tr\/index.php?rest_route=\/wp\/v2\/users\/1"}],"replies":[{"embeddable":true,"href":"https:\/\/archive.sana.sy\/tr\/index.php?rest_route=%2Fwp%2Fv2%2Fcomments&post=9745"}],"version-history":[{"count":0,"href":"https:\/\/archive.sana.sy\/tr\/index.php?rest_route=\/wp\/v2\/posts\/9745\/revisions"}],"wp:attachment":[{"href":"https:\/\/archive.sana.sy\/tr\/index.php?rest_route=%2Fwp%2Fv2%2Fmedia&parent=9745"}],"wp:term":[{"taxonomy":"category","embeddable":true,"href":"https:\/\/archive.sana.sy\/tr\/index.php?rest_route=%2Fwp%2Fv2%2Fcategories&post=9745"},{"taxonomy":"post_tag","embeddable":true,"href":"https:\/\/archive.sana.sy\/tr\/index.php?rest_route=%2Fwp%2Fv2%2Ftags&post=9745"}],"curies":[{"name":"wp","href":"https:\/\/api.w.org\/{rel}","templated":true}]}}