{"id":9748,"date":"2014-09-11T20:00:45","date_gmt":"2014-09-11T17:00:45","guid":{"rendered":"http:\/\/www.sana.sy\/tr\/?p=9748"},"modified":"2014-09-29T11:18:38","modified_gmt":"2014-09-29T08:18:38","slug":"ordu-ve-silahli-kuvvetler-komutanligi-helfaya-beldesini-kontrolu-altina-aldi","status":"publish","type":"post","link":"https:\/\/archive.sana.sy\/tr\/?p=9748","title":{"rendered":"Ordu Helfaya beldesini kontrol\u00fc alt\u0131na Al\u0131p Hama kuzey K\u0131rsal\u0131n\u0131 Tamamen Temizledi"},"content":{"rendered":"<p>HAMA \u2013 Ordu birliklerimiz Ulusal Savunma g\u00fc\u00e7leriyle beraber, Hama k\u0131rsal\u0131ndaki Helfaya beldesini ve \u00e7evresini kontrol\u00fc alt\u0131na almay\u0131 ba\u015fard\u0131\u011f\u0131n\u0131 a\u00e7\u0131klad\u0131.<\/p>\n<p>Helfaye yan\u0131 s\u0131ra Hama\u2019n\u0131n k\u0131rsal\u0131ndaki Erze, Hattab, Hirbet el Hicema, Belhesin, el Kuseyiye, \u015eeraya, Tel el S\u0131msam k\u00f6yleri ve Hama kuzeyinde T\u0131ybet el \u0130mam beldesinin bat\u0131s\u0131ndaki tepeleri Suriye devletinin egemenli\u011fine yeniden girdi. Operasyonlarda \u00e7o\u011fu yabanc\u0131 kimlikli olan \u00e7ok say\u0131da ter\u00f6rist \u00f6ld\u00fcr\u00fcld\u00fc, silahlar\u0131 ve ekipmanlar\u0131n\u0131n b\u00fcy\u00fck bir k\u0131sm\u0131 yok edildi.<\/p>\n<p>Ordu ve Silahl\u0131 Kuvvetler Genel Komutanl\u0131\u011f\u0131, yay\u0131nlad\u0131\u011f\u0131 bir bildiride bu ba\u015far\u0131n\u0131n Suriye Arap Ordusu\u2019nun ter\u00f6rist \u00e7etelere arka arkaya y\u00f6neltti\u011fi darbelerin bir devam\u0131 olarak geldi\u011fini, ter\u00f6rist \u00e7ete \u00fcyelerinin morallerinin bozuldu\u011funu, ter\u00f6rist projenin a\u011f\u0131r bir darbe ald\u0131\u011f\u0131n\u0131 a\u00e7\u0131klad\u0131.<\/p>\n<p>Hama kuzey k\u0131rsal\u0131nda ter\u00f6rist \u00f6rg\u00fctlerin yok edilmesinin halk\u0131m\u0131z\u0131n ter\u00f6rle m\u00fccadele kararl\u0131\u011f\u0131n\u0131n bir yans\u0131mas\u0131 oldu\u011funu bildiren Ordu Genel Komutanl\u0131\u011f\u0131 silahl\u0131 kuvvetlerin g\u00fcven ve istikrar ortam\u0131n\u0131n vatan\u0131m\u0131za d\u00f6nene kadar halk\u0131m\u0131za daha fazla zaferler arma\u011fan edece\u011fine dair verdi\u011fi s\u00f6z\u00fc yineledi.<\/p>\n","protected":false},"excerpt":{"rendered":"<p>HAMA \u2013 Ordu birliklerimiz Ulusal Savunma g\u00fc\u00e7leriyle beraber, Hama k\u0131rsal\u0131ndaki Helfaya beldesini ve \u00e7evresini kontrol\u00fc alt\u0131na almay\u0131 ba\u015fard\u0131\u011f\u0131n\u0131 a\u00e7\u0131klad\u0131. Helfaye yan\u0131 s\u0131ra Hama\u2019n\u0131n k\u0131rsal\u0131ndaki Erze, Hattab, Hirbet el Hicema, Belhesin, el Kuseyiye, \u015eeraya, Tel el S\u0131msam k\u00f6yleri ve Hama kuzeyinde T\u0131ybet el \u0130mam beldesinin bat\u0131s\u0131ndaki tepeleri Suriye devletinin egemenli\u011fine yeniden girdi. Operasyonlarda \u00e7o\u011fu yabanc\u0131 kimlikli &hellip;<\/p>\n","protected":false},"author":1,"featured_media":9749,"comment_status":"closed","ping_status":"closed","sticky":false,"template":"","format":"standard","meta":{"footnotes":""},"categories":[575],"tags":[2208,2207],"class_list":["post-9748","post","type-post","status-publish","format-standard","has-post-thumbnail","","category-olaylar-ve-gercekler","tag-ordu-helfaya-beldesini-kontrolu-altina-alip-hama-kuzey-kirsalini-tamamen-temizledi","tag-ordu-ve-silahli-kuvvetler-komutanligi-helfaya-beldesini-kontrolu-altina-aldi"],"_links":{"self":[{"href":"https:\/\/archive.sana.sy\/tr\/index.php?rest_route=\/wp\/v2\/posts\/9748","targetHints":{"allow":["GET"]}}],"collection":[{"href":"https:\/\/archive.sana.sy\/tr\/index.php?rest_route=\/wp\/v2\/posts"}],"about":[{"href":"https:\/\/archive.sana.sy\/tr\/index.php?rest_route=\/wp\/v2\/types\/post"}],"author":[{"embeddable":true,"href":"https:\/\/archive.sana.sy\/tr\/index.php?rest_route=\/wp\/v2\/users\/1"}],"replies":[{"embeddable":true,"href":"https:\/\/archive.sana.sy\/tr\/index.php?rest_route=%2Fwp%2Fv2%2Fcomments&post=9748"}],"version-history":[{"count":0,"href":"https:\/\/archive.sana.sy\/tr\/index.php?rest_route=\/wp\/v2\/posts\/9748\/revisions"}],"wp:featuredmedia":[{"embeddable":true,"href":"https:\/\/archive.sana.sy\/tr\/index.php?rest_route=\/wp\/v2\/media\/9749"}],"wp:attachment":[{"href":"https:\/\/archive.sana.sy\/tr\/index.php?rest_route=%2Fwp%2Fv2%2Fmedia&parent=9748"}],"wp:term":[{"taxonomy":"category","embeddable":true,"href":"https:\/\/archive.sana.sy\/tr\/index.php?rest_route=%2Fwp%2Fv2%2Fcategories&post=9748"},{"taxonomy":"post_tag","embeddable":true,"href":"https:\/\/archive.sana.sy\/tr\/index.php?rest_route=%2Fwp%2Fv2%2Ftags&post=9748"}],"curies":[{"name":"wp","href":"https:\/\/api.w.org\/{rel}","templated":true}]}}