{"id":97523,"date":"2016-12-08T15:32:21","date_gmt":"2016-12-08T13:32:21","guid":{"rendered":"http:\/\/www.sana.sy\/tr\/?p=97523"},"modified":"2016-12-11T15:34:36","modified_gmt":"2016-12-11T13:34:36","slug":"aralarinda-elebaslarin-bulundugu-yuksek-sayida-terorist-olduruldu","status":"publish","type":"post","link":"https:\/\/archive.sana.sy\/tr\/?p=97523","title":{"rendered":"Aralar\u0131nda Eleba\u015flar\u0131n Bulundu\u011fu Y\u00fcksek Say\u0131da Ter\u00f6rist \u00d6ld\u00fcr\u00fcld\u00fc"},"content":{"rendered":"<p>\u0130LLER \u2013 Ordu birliklerimiz art\u0131k herkes taraf\u0131ndan bilinen belli ba\u015fl\u0131 rejimler taraf\u0131ndan askeri ve siyasi deste\u011fin temin edildi\u011fi \u00e7okuluslu radikal ve hain ter\u00f6re kar\u015f\u0131 operasyonlar\u0131n\u0131 ba\u015far\u0131yla s\u00fcrd\u00fcr\u00fcyor.<\/p>\n<p><span style=\"color: #0000ff\">HOMS:<\/span><\/p>\n<p>Askeri kaynak ordu birliklerimizin Homs k\u0131rsal\u0131n\u0131n kuzeyi Telbise B\u00f6lgesine d\u00fc\u015fen Ganto Beldesinde \u2018Ahrar el \u015eam \u0130slami Hareketi\u2019 ad\u0131yla bilinen Al Suud ve Erdo\u011fan \u00e7eteleri radikal ter\u00f6ristlerin mevki ve karargahlar\u0131n\u0131 yo\u011fun ate\u015fe tuttuklar\u0131n\u0131 belirtti. Kaynak operasyonlarda aralar\u0131nda bariz eleba\u015flar\u0131n bulundu\u011fu en az 20 ter\u00f6ristin etkisiz hale getirildi\u011fini, ekibiyle birlikte bir havan rampas\u0131n\u0131n yan\u0131 s\u0131ra 4X4 \u00e7eker 2 arac\u0131n da y\u00fckleriyle birlikte imha edildiklerini kaydetti.<\/p>\n<p>Homs k\u0131rsal\u0131n\u0131n do\u011fusunda ise askeri kaynak Tedmur Kentinin yan\u0131 s\u0131ra \u015eair ve Cezl petrol sahalar\u0131, terk edilmi\u015f tabur ve Barida K\u00f6y\u00fc civarlar\u0131nda askeri noktalara sald\u0131r\u0131 giri\u015fiminde bulunan I\u015e\u0130D\u2019li radikal ter\u00f6ristlerle \u015fiddetli \u00e7at\u0131\u015fmalara girdiklerini belirtti. Kaynak \u00e7at\u0131\u015fmalarda sald\u0131rganlardan \u00e7ok say\u0131da ter\u00f6ristin \u00f6ld\u00fcr\u00fcld\u00fc\u011f\u00fcn\u00fc, bombal\u0131 4 araca ilaveten a\u011f\u0131r silahlarla donat\u0131lm\u0131\u015f 4X4 \u00e7eker 4 arac\u0131n da imha edildi\u011fini kaydetti.<\/p>\n<p><span style=\"color: #0000ff\">DERA:<\/span><\/p>\n<p>Bu arada askeri kaynak ordu birliklerimizin Dera Beled\u2019in muhtelif b\u00f6lgelerinde \u0130srail destekli Nusra Cephesi ve \u00e7at\u0131s\u0131 alt\u0131ndaki ter\u00f6ristlere ait bir dizi komuta karargah\u0131, siper noktas\u0131 ve yuvay\u0131 nitelikli operasyonlarla hedef alarak ter\u00f6ristleri say\u0131 ve ekipmanlar\u0131yla ciddi kay\u0131plara u\u011fratmaya devam ettiklerini aktard\u0131.<\/p>\n","protected":false},"excerpt":{"rendered":"<p>\u0130LLER \u2013 Ordu birliklerimiz art\u0131k herkes taraf\u0131ndan bilinen belli ba\u015fl\u0131 rejimler taraf\u0131ndan askeri ve siyasi deste\u011fin temin edildi\u011fi \u00e7okuluslu radikal ve hain ter\u00f6re kar\u015f\u0131 operasyonlar\u0131n\u0131 ba\u015far\u0131yla s\u00fcrd\u00fcr\u00fcyor. HOMS: Askeri kaynak ordu birliklerimizin Homs k\u0131rsal\u0131n\u0131n kuzeyi Telbise B\u00f6lgesine d\u00fc\u015fen Ganto Beldesinde \u2018Ahrar el \u015eam \u0130slami Hareketi\u2019 ad\u0131yla bilinen Al Suud ve Erdo\u011fan \u00e7eteleri radikal ter\u00f6ristlerin mevki &hellip;<\/p>\n","protected":false},"author":1,"featured_media":97525,"comment_status":"closed","ping_status":"closed","sticky":false,"template":"","format":"standard","meta":{"footnotes":""},"categories":[575,17988],"tags":[3464,18237,18576,2318,18347,18674,11549,19043,22182,19034],"class_list":["post-97523","post","type-post","status-publish","format-standard","has-post-thumbnail","","category-olaylar-ve-gercekler","category-son-haberler","tag-nusra-cephesi","tag-cihatcilar","tag-daes","tag-isid","tag-oso","tag-silahli-muhalifler","tag-suriye-ordusu","tag-suriyede-son-durum","tag-suriyede-savas","tag-suriyeli-muhalifler"],"_links":{"self":[{"href":"https:\/\/archive.sana.sy\/tr\/index.php?rest_route=\/wp\/v2\/posts\/97523","targetHints":{"allow":["GET"]}}],"collection":[{"href":"https:\/\/archive.sana.sy\/tr\/index.php?rest_route=\/wp\/v2\/posts"}],"about":[{"href":"https:\/\/archive.sana.sy\/tr\/index.php?rest_route=\/wp\/v2\/types\/post"}],"author":[{"embeddable":true,"href":"https:\/\/archive.sana.sy\/tr\/index.php?rest_route=\/wp\/v2\/users\/1"}],"replies":[{"embeddable":true,"href":"https:\/\/archive.sana.sy\/tr\/index.php?rest_route=%2Fwp%2Fv2%2Fcomments&post=97523"}],"version-history":[{"count":0,"href":"https:\/\/archive.sana.sy\/tr\/index.php?rest_route=\/wp\/v2\/posts\/97523\/revisions"}],"wp:featuredmedia":[{"embeddable":true,"href":"https:\/\/archive.sana.sy\/tr\/index.php?rest_route=\/wp\/v2\/media\/97525"}],"wp:attachment":[{"href":"https:\/\/archive.sana.sy\/tr\/index.php?rest_route=%2Fwp%2Fv2%2Fmedia&parent=97523"}],"wp:term":[{"taxonomy":"category","embeddable":true,"href":"https:\/\/archive.sana.sy\/tr\/index.php?rest_route=%2Fwp%2Fv2%2Fcategories&post=97523"},{"taxonomy":"post_tag","embeddable":true,"href":"https:\/\/archive.sana.sy\/tr\/index.php?rest_route=%2Fwp%2Fv2%2Ftags&post=97523"}],"curies":[{"name":"wp","href":"https:\/\/api.w.org\/{rel}","templated":true}]}}