{"id":9768,"date":"2014-09-12T13:24:31","date_gmt":"2014-09-12T10:24:31","guid":{"rendered":"http:\/\/www.sana.sy\/tr\/?p=9768"},"modified":"2014-09-12T13:25:02","modified_gmt":"2014-09-12T10:25:02","slug":"homsta-uyusturucu-yakalandi","status":"publish","type":"post","link":"https:\/\/archive.sana.sy\/tr\/?p=9768","title":{"rendered":"Homs\u2019ta Uyu\u015fturucu Yakaland\u0131"},"content":{"rendered":"<p>HOMS \u2013 G\u00fcvenlik birimleri d\u00fcn Homs Kentinin \u0130n\u015faat Semtindeki el Razi Hastanesi yak\u0131nlar\u0131nda zulalar\u0131nda 20 bin cabtagon uyu\u015fturucu tabletinin sakl\u0131 oldu\u011fu bir ara\u00e7 yakalad\u0131.<\/p>\n<p>Homs Valili\u011finde yetkili bir kaynak g\u00fcvenlik birimlerinin uyu\u015fturucunun bulundu\u011fu araca el koydu\u011funu ve arac\u0131 kullanan \u015fof\u00f6r\u00fc tutuklad\u0131\u011f\u0131n\u0131 belirtti.<\/p>\n<p>Bu arada silahl\u0131 ter\u00f6r gruplar\u0131 saflar\u0131nda uyu\u015fturucu kullan\u0131m\u0131 pek yayg\u0131n bir \u015fekilde g\u00f6r\u00fclmesiyle i\u015fledikleri ter\u00f6r eylemlerinin b\u00fcy\u00fck \u00e7o\u011funlu\u011funun uyu\u015fturucu etkisinde oldu\u011fu biliniyor.<\/p>\n<p><a href=\"http:\/\/www.sana.sy\/tr\/wp-content\/uploads\/2014\/09\/cabtagon-2.jpg\"><img loading=\"lazy\" decoding=\"async\" class=\"aligncenter wp-image-9771 size-full\" src=\"http:\/\/www.sana.sy\/tr\/wp-content\/uploads\/2014\/09\/cabtagon-2.jpg\" alt=\"cabtagon 2\" width=\"627\" height=\"422\" srcset=\"https:\/\/archive.sana.sy\/tr\/wp-content\/uploads\/2014\/09\/cabtagon-2.jpg 627w, https:\/\/archive.sana.sy\/tr\/wp-content\/uploads\/2014\/09\/cabtagon-2-150x100.jpg 150w, https:\/\/archive.sana.sy\/tr\/wp-content\/uploads\/2014\/09\/cabtagon-2-300x201.jpg 300w\" sizes=\"auto, (max-width: 627px) 100vw, 627px\" \/><\/a><\/p>\n<p>&nbsp;<\/p>\n","protected":false},"excerpt":{"rendered":"<p>HOMS \u2013 G\u00fcvenlik birimleri d\u00fcn Homs Kentinin \u0130n\u015faat Semtindeki el Razi Hastanesi yak\u0131nlar\u0131nda zulalar\u0131nda 20 bin cabtagon uyu\u015fturucu tabletinin sakl\u0131 oldu\u011fu bir ara\u00e7 yakalad\u0131. Homs Valili\u011finde yetkili bir kaynak g\u00fcvenlik birimlerinin uyu\u015fturucunun bulundu\u011fu araca el koydu\u011funu ve arac\u0131 kullanan \u015fof\u00f6r\u00fc tutuklad\u0131\u011f\u0131n\u0131 belirtti. Bu arada silahl\u0131 ter\u00f6r gruplar\u0131 saflar\u0131nda uyu\u015fturucu kullan\u0131m\u0131 pek yayg\u0131n bir \u015fekilde g\u00f6r\u00fclmesiyle &hellip;<\/p>\n","protected":false},"author":1,"featured_media":9769,"comment_status":"closed","ping_status":"closed","sticky":false,"template":"","format":"standard","meta":{"footnotes":""},"categories":[479,575,478],"tags":[2213],"class_list":["post-9768","post","type-post","status-publish","format-standard","has-post-thumbnail","","category-haberler-yerel","category-olaylar-ve-gercekler","category-yerel","tag-homsta-uyusturucu-yakalandi"],"_links":{"self":[{"href":"https:\/\/archive.sana.sy\/tr\/index.php?rest_route=\/wp\/v2\/posts\/9768","targetHints":{"allow":["GET"]}}],"collection":[{"href":"https:\/\/archive.sana.sy\/tr\/index.php?rest_route=\/wp\/v2\/posts"}],"about":[{"href":"https:\/\/archive.sana.sy\/tr\/index.php?rest_route=\/wp\/v2\/types\/post"}],"author":[{"embeddable":true,"href":"https:\/\/archive.sana.sy\/tr\/index.php?rest_route=\/wp\/v2\/users\/1"}],"replies":[{"embeddable":true,"href":"https:\/\/archive.sana.sy\/tr\/index.php?rest_route=%2Fwp%2Fv2%2Fcomments&post=9768"}],"version-history":[{"count":0,"href":"https:\/\/archive.sana.sy\/tr\/index.php?rest_route=\/wp\/v2\/posts\/9768\/revisions"}],"wp:featuredmedia":[{"embeddable":true,"href":"https:\/\/archive.sana.sy\/tr\/index.php?rest_route=\/wp\/v2\/media\/9769"}],"wp:attachment":[{"href":"https:\/\/archive.sana.sy\/tr\/index.php?rest_route=%2Fwp%2Fv2%2Fmedia&parent=9768"}],"wp:term":[{"taxonomy":"category","embeddable":true,"href":"https:\/\/archive.sana.sy\/tr\/index.php?rest_route=%2Fwp%2Fv2%2Fcategories&post=9768"},{"taxonomy":"post_tag","embeddable":true,"href":"https:\/\/archive.sana.sy\/tr\/index.php?rest_route=%2Fwp%2Fv2%2Ftags&post=9768"}],"curies":[{"name":"wp","href":"https:\/\/api.w.org\/{rel}","templated":true}]}}