{"id":97877,"date":"2016-12-11T08:28:19","date_gmt":"2016-12-11T06:28:19","guid":{"rendered":"http:\/\/www.sana.sy\/tr\/?p=97877"},"modified":"2016-12-11T12:10:01","modified_gmt":"2016-12-11T10:10:01","slug":"hava-operasyonlarinda-ayrica-11-tank-ve-piyade-aracinin-da-imha-edildigini-belirten-konashenkov-agir-silahlarla-donatilmis-31-aracin-da-imha-edildigini-ifade-etti","status":"publish","type":"post","link":"https:\/\/archive.sana.sy\/tr\/?p=97877","title":{"rendered":"Hava operasyonlar\u0131nda ayr\u0131ca 11 tank ve piyade arac\u0131n\u0131n da imha edildi\u011fini belirten Konashenkov; a\u011f\u0131r silahlarla donat\u0131lm\u0131\u015f 31 arac\u0131n da imha edildi\u011fini ifade etti"},"content":{"rendered":"<p>Hava operasyonlar\u0131nda ayr\u0131ca 11 tank ve piyade arac\u0131n\u0131n da imha edildi\u011fini belirten Konashenkov; a\u011f\u0131r silahlarla donat\u0131lm\u0131\u015f 31 arac\u0131n da imha edildi\u011fini ifade etti<\/p>\n","protected":false},"excerpt":{"rendered":"<p>Hava operasyonlar\u0131nda ayr\u0131ca 11 tank ve piyade arac\u0131n\u0131n da imha edildi\u011fini belirten Konashenkov; a\u011f\u0131r silahlarla donat\u0131lm\u0131\u015f 31 arac\u0131n da imha edildi\u011fini ifade etti<\/p>\n","protected":false},"author":1,"featured_media":0,"comment_status":"closed","ping_status":"closed","sticky":false,"template":"","format":"standard","meta":{"footnotes":""},"categories":[17991],"tags":[],"class_list":["post-97877","post","type-post","status-publish","format-standard","","category-son-dakika"],"_links":{"self":[{"href":"https:\/\/archive.sana.sy\/tr\/index.php?rest_route=\/wp\/v2\/posts\/97877","targetHints":{"allow":["GET"]}}],"collection":[{"href":"https:\/\/archive.sana.sy\/tr\/index.php?rest_route=\/wp\/v2\/posts"}],"about":[{"href":"https:\/\/archive.sana.sy\/tr\/index.php?rest_route=\/wp\/v2\/types\/post"}],"author":[{"embeddable":true,"href":"https:\/\/archive.sana.sy\/tr\/index.php?rest_route=\/wp\/v2\/users\/1"}],"replies":[{"embeddable":true,"href":"https:\/\/archive.sana.sy\/tr\/index.php?rest_route=%2Fwp%2Fv2%2Fcomments&post=97877"}],"version-history":[{"count":0,"href":"https:\/\/archive.sana.sy\/tr\/index.php?rest_route=\/wp\/v2\/posts\/97877\/revisions"}],"wp:attachment":[{"href":"https:\/\/archive.sana.sy\/tr\/index.php?rest_route=%2Fwp%2Fv2%2Fmedia&parent=97877"}],"wp:term":[{"taxonomy":"category","embeddable":true,"href":"https:\/\/archive.sana.sy\/tr\/index.php?rest_route=%2Fwp%2Fv2%2Fcategories&post=97877"},{"taxonomy":"post_tag","embeddable":true,"href":"https:\/\/archive.sana.sy\/tr\/index.php?rest_route=%2Fwp%2Fv2%2Ftags&post=97877"}],"curies":[{"name":"wp","href":"https:\/\/api.w.org\/{rel}","templated":true}]}}