{"id":9834,"date":"2014-09-13T00:49:00","date_gmt":"2014-09-12T21:49:00","guid":{"rendered":"http:\/\/www.sana.sy\/tr\/?p=9834"},"modified":"2014-09-13T00:49:00","modified_gmt":"2014-09-12T21:49:00","slug":"attar-ve-de-mistura-insani-yardimlarin-temini-ve-dagitilmasini-gorustu","status":"publish","type":"post","link":"https:\/\/archive.sana.sy\/tr\/?p=9834","title":{"rendered":"Attar ve de Mistura \u0130nsani Yard\u0131mlar\u0131n Temini ve Da\u011f\u0131t\u0131lmas\u0131n\u0131 G\u00f6r\u00fc\u015ft\u00fc"},"content":{"rendered":"<p>\u015eAM \u2013 Birle\u015fmi\u015f Milletler Suriye \u00f6zel temsilcisi Staffan de Mistura d\u00fcn Suriye Arap K\u0131z\u0131lay \u00d6rg\u00fct\u00fc ba\u015fkan\u0131 Abd\u00fcrrahman el Attar ile bir araya gelerek insani yard\u0131mlar\u0131 da\u011f\u0131tma mekanizmas\u0131 ve bu \u00e7al\u0131\u015fmalar \u00f6n\u00fcndeki engelleri masaya yat\u0131rd\u0131.<\/p>\n<p>G\u00f6r\u00fc\u015fme ard\u0131ndan bas\u0131na a\u00e7\u0131klama yapan Attar de Mistura ila temaslar\u0131n\u0131n, insani yard\u0131m da\u011f\u0131t\u0131m\u0131nda K\u0131z\u0131lay\u2019\u0131n rol\u00fc ve bu yard\u0131mlar\u0131n BM \u00f6rg\u00fctleri ve D\u00fcnya K\u0131z\u0131lha\u00e7 \u00d6rg\u00fct\u00fc ile i\u015fbirli\u011fi i\u00e7erisinde temin edilmesi konular\u0131 \u00fczerine odakland\u0131klar\u0131n\u0131 belirtti.\u00a0 Attar ayn\u0131 zamanda insani yard\u0131mlar\u0131n da\u011f\u0131t\u0131lmas\u0131nda da i\u015fbirli\u011fini masaya yat\u0131rd\u0131klar\u0131n\u0131 aktar\u0131rken, insani yard\u0131mlar\u0131n g\u00fcvenli olmayan b\u00f6lgelere da\u011f\u0131t\u0131lmas\u0131 \u00f6n\u00fcndeki engelleri ele ald\u0131klar\u0131n\u0131 ifade ederken bu konuda de Mistura\u2019dan yard\u0131m talep etti\u011fini ekledi.<\/p>\n","protected":false},"excerpt":{"rendered":"<p>\u015eAM \u2013 Birle\u015fmi\u015f Milletler Suriye \u00f6zel temsilcisi Staffan de Mistura d\u00fcn Suriye Arap K\u0131z\u0131lay \u00d6rg\u00fct\u00fc ba\u015fkan\u0131 Abd\u00fcrrahman el Attar ile bir araya gelerek insani yard\u0131mlar\u0131 da\u011f\u0131tma mekanizmas\u0131 ve bu \u00e7al\u0131\u015fmalar \u00f6n\u00fcndeki engelleri masaya yat\u0131rd\u0131. G\u00f6r\u00fc\u015fme ard\u0131ndan bas\u0131na a\u00e7\u0131klama yapan Attar de Mistura ila temaslar\u0131n\u0131n, insani yard\u0131m da\u011f\u0131t\u0131m\u0131nda K\u0131z\u0131lay\u2019\u0131n rol\u00fc ve bu yard\u0131mlar\u0131n BM \u00f6rg\u00fctleri ve &hellip;<\/p>\n","protected":false},"author":1,"featured_media":9835,"comment_status":"closed","ping_status":"closed","sticky":false,"template":"","format":"standard","meta":{"footnotes":""},"categories":[479,478],"tags":[2238],"class_list":["post-9834","post","type-post","status-publish","format-standard","has-post-thumbnail","","category-haberler-yerel","category-yerel","tag-attar-ve-de-mistura-insani-yardimlarin-temini-ve-dagitilmasini-gorustu"],"_links":{"self":[{"href":"https:\/\/archive.sana.sy\/tr\/index.php?rest_route=\/wp\/v2\/posts\/9834","targetHints":{"allow":["GET"]}}],"collection":[{"href":"https:\/\/archive.sana.sy\/tr\/index.php?rest_route=\/wp\/v2\/posts"}],"about":[{"href":"https:\/\/archive.sana.sy\/tr\/index.php?rest_route=\/wp\/v2\/types\/post"}],"author":[{"embeddable":true,"href":"https:\/\/archive.sana.sy\/tr\/index.php?rest_route=\/wp\/v2\/users\/1"}],"replies":[{"embeddable":true,"href":"https:\/\/archive.sana.sy\/tr\/index.php?rest_route=%2Fwp%2Fv2%2Fcomments&post=9834"}],"version-history":[{"count":0,"href":"https:\/\/archive.sana.sy\/tr\/index.php?rest_route=\/wp\/v2\/posts\/9834\/revisions"}],"wp:featuredmedia":[{"embeddable":true,"href":"https:\/\/archive.sana.sy\/tr\/index.php?rest_route=\/wp\/v2\/media\/9835"}],"wp:attachment":[{"href":"https:\/\/archive.sana.sy\/tr\/index.php?rest_route=%2Fwp%2Fv2%2Fmedia&parent=9834"}],"wp:term":[{"taxonomy":"category","embeddable":true,"href":"https:\/\/archive.sana.sy\/tr\/index.php?rest_route=%2Fwp%2Fv2%2Fcategories&post=9834"},{"taxonomy":"post_tag","embeddable":true,"href":"https:\/\/archive.sana.sy\/tr\/index.php?rest_route=%2Fwp%2Fv2%2Ftags&post=9834"}],"curies":[{"name":"wp","href":"https:\/\/api.w.org\/{rel}","templated":true}]}}