{"id":9837,"date":"2014-09-13T10:57:22","date_gmt":"2014-09-13T07:57:22","guid":{"rendered":"http:\/\/www.sana.sy\/tr\/?p=9837"},"modified":"2014-09-13T15:59:08","modified_gmt":"2014-09-13T12:59:08","slug":"mikdat-terore-karsi-zafer-ulkelerin-istiklal-ve-egemenligine-saygiyla-basariyi-saglar","status":"publish","type":"post","link":"https:\/\/archive.sana.sy\/tr\/?p=9837","title":{"rendered":"Mikdat: Ter\u00f6re Kar\u015f\u0131 Zafer \u00dclkelerin \u0130stiklal ve Egemenli\u011fine Sayg\u0131yla Ba\u015far\u0131y\u0131 Sa\u011flar"},"content":{"rendered":"<p>BEYRUT \u2013 D\u0131\u015fi\u015fleri ve Gurbet\u00e7iler Bakan\u0131 Yard\u0131mc\u0131s\u0131 Faysal Mikdat, ter\u00f6r\u00fcn her zaman be\u015feriyetin ve uygarl\u0131\u011f\u0131n d\u00fc\u015fman\u0131 olarak kalaca\u011f\u0131n\u0131 belirterek i\u015fin ilgin\u00e7 taraf\u0131n\u0131n ter\u00f6r eylemlerinden hi\u00e7 birini b\u0131rakmayan, uygulayan, te\u015fvik eden ve finanse edenin bug\u00fcn kalk\u0131p bas bas ba\u011f\u0131rarak ter\u00f6rle m\u00fccadele edece\u011fini ancak di\u011fer odada ise ter\u00f6ristlerle oturup ter\u00f6r ve ter\u00f6rist \u00e7etelerini destekledi\u011fini belirten toplant\u0131lar yapt\u0131\u011f\u0131n\u0131 belirtti.<\/p>\n<p>L\u00fcbnanl\u0131 el Binaa Gazetesinin bug\u00fcn yay\u0131nlad\u0131\u011f\u0131 haftal\u0131k makalesinde Mikdat, ter\u00f6re kar\u015f\u0131 zaferin her hareketlenmeye y\u00f6nelik o \u00fclkenin h\u00fck\u00fcmetiyle koordinasyon, \u00fclkelerin istiklal ve egemenli\u011fine sayg\u0131 olmadan istenen ba\u015far\u0131y\u0131 sa\u011flayamayaca\u011f\u0131n\u0131, aksi halde herhangi koalisyon taraf\u0131ndan herhangi bir tek tarafl\u0131 askeri operasyonun Irak ve Suriye\u2019ye sald\u0131r\u0131dan ba\u015fka bir anlama gelmeyece\u011fini vurgulad\u0131.<\/p>\n<p>Ter\u00f6r konusunun koalisyonlar kurmak i\u00e7in kullan\u0131lmas\u0131n\u0131n ter\u00f6rle m\u00fccadele ile ilgilisinin olmad\u0131\u011f\u0131n\u0131 bilakis jeopolitik ama\u00e7lar\u0131n sa\u011flanmas\u0131 ile Suudili hakimlerin d\u00fc\u015ft\u00fckleri bu beladan kurtar\u0131lmalar\u0131n\u0131n ba\u015far\u0131 y\u00fcz\u00fc g\u00f6rmeyece\u011fini ifade ederek NATO pakt\u0131n\u0131n son toplant\u0131s\u0131nda \u00fclkelerinin d\u00fcnyay\u0131 daha fazla hegemonyas\u0131 alt\u0131na alma niyetini ilan ettiyse bu geli\u015fmenin, bat\u0131n\u0131n yeni s\u00f6m\u00fcrgeci ve hegemonyac\u0131l\u0131k politikas\u0131n\u0131 koruma hedefiyle yapmac\u0131k yeni sava\u015f turlar\u0131n\u0131 m\u00fcjdeleyen tehlikeli bir g\u00f6sterge oldu\u011funa dikkat \u00e7ekti.<\/p>\n<p>Suriye ve Irak\u2019ta \u201cI\u015e\u0130D\u201d ter\u00f6r \u00f6rg\u00fct\u00fcne kar\u015f\u0131 sava\u015f\u0131n her iki \u00fclke h\u00fck\u00fcmetleriyle i\u015fbirli\u011fi ve yak\u0131n koordinasyondan ba\u015fka \u015fekilde yap\u0131lmas\u0131n\u0131n m\u00fcmk\u00fcn olmad\u0131\u011f\u0131n\u0131 vurgulayan Mikdat, Suriye\u2019de silahl\u0131 gruplara silah sunma yoluyla s\u00f6z konusu ter\u00f6r \u00f6rg\u00fct\u00fcyle m\u00fccadele edilmesi a\u00e7\u0131klamalar\u0131n\u0131n mant\u0131k d\u0131\u015f\u0131 oldu\u011funu belirterek Suriye\u2019nin uzun zamandan beri bu \u00f6rg\u00fctlerle m\u00fccadele etti\u011fine ve b\u00fct\u00fcn d\u00fcnya \u00fclkelerini ter\u00f6rle m\u00fccadele \u015ferefine kat\u0131lma \u00e7a\u011fr\u0131s\u0131 yapt\u0131\u011f\u0131na dikkat \u00e7ekti.<\/p>\n<p>Mikdat, malik aile ve tarihinin tabiat\u0131nda sakl\u0131 sebeplerle Suud ailesi krall\u0131\u011f\u0131n\u0131n Suriye\u2019ye y\u00f6nelik bu ter\u00f6r hamlesine liderlik etti\u011fini bu y\u00fczden hedeflerini elde etmek i\u00e7in \u015feytanla dans etmeye devam etmesini garipsemediklerini, ge\u00e7en Per\u015fembe g\u00fcn\u00fc yap\u0131lan Cidde toplant\u0131s\u0131n\u0131n da Amerikan destekli ter\u00f6rde Suudi kat\u0131l\u0131m\u0131n\u0131 \u00f6rtbas etmekten ba\u015fka bir \u015fey olmad\u0131\u011f\u0131n\u0131 ifade etti.<\/p>\n<p>Mikdat: \u201cSuriye ve Irak\u2019ta taife, mezhep ve kinci ideolojiye dayal\u0131 hedeflerini sa\u011flamak amac\u0131yla Kaide ter\u00f6r \u00f6rg\u00fct\u00fc ve karde\u015flerini kuran Suud ailesi, sahibinin politikalar\u0131n\u0131 uygulamay\u0131 art\u0131k kabul etmeyen \u015feytanla g\u00fcre\u015fmeye kadir de\u011fildir, \u00e7\u00fcnk\u00fc ok art\u0131k yaydan bir ba\u015fka ibareyle Cin art\u0131k \u015fi\u015fenin a\u011fz\u0131ndan \u00e7\u0131km\u0131\u015ft\u0131r\u201d dedi.<\/p>\n<p>Mikdat: K\u00f6rfez h\u00fck\u00fcmet ve krall\u0131klar\u0131n\u0131n 3 y\u0131l boyunca Suriye\u2019deki silahl\u0131 ter\u00f6r \u00f6rg\u00fctlerine milyarlarca dolar para harcad\u0131lar, T\u00fcrkiye ve onun gibi di\u011fer kom\u015fu \u00fclkeler de kabul edilmesi m\u00fcmk\u00fcn olmayan gerek\u00e7elerle s\u00f6z konusu ter\u00f6ristlere silahlar\u0131 ve paralar\u0131 ula\u015ft\u0131rd\u0131lar, bundan \u00f6tesi de dini kurum ve fertler ve s\u00f6zde \u201csivil toplum \u00f6rg\u00fctleri\u201d ter\u00f6r gruplar\u0131na mali yard\u0131mlar\u0131 ula\u015ft\u0131rd\u0131lar\u201d diye vurgulad\u0131.<\/p>\n<p>Mikdat, orta do\u011fuda ter\u00f6rle m\u00fccadelenin bu b\u00f6lgede ter\u00f6r\u00fcn temelini olu\u015fturan \u201c\u0130srail\u201d fakt\u00f6r\u00fcyle m\u00fccadele etmek olmas\u0131 gerekti\u011fini ifade etti.<br \/>\nMikdat, makalesinin sonunda uluslararas\u0131 iradenin dar d\u0131\u015f giri\u015fim ve ajandalardan uzak Suriye iradesiyle uyu\u015fmas\u0131 halinde Suriyelilerin, b\u00f6lgesel ve uluslararas\u0131 Suriye\u2019yi sevenlerin y\u00fcz\u00fcne g\u00fcl\u00fcmsemeyi getirece\u011fini vurgulayarak, g\u00fcven ve istikrara geri d\u00f6n\u00fc\u015f\u00fcn b\u00fct\u00fcn Suriyelilerin hakk\u0131 oldu\u011funa dikkat \u00e7ekti.<\/p>\n","protected":false},"excerpt":{"rendered":"<p>BEYRUT \u2013 D\u0131\u015fi\u015fleri ve Gurbet\u00e7iler Bakan\u0131 Yard\u0131mc\u0131s\u0131 Faysal Mikdat, ter\u00f6r\u00fcn her zaman be\u015feriyetin ve uygarl\u0131\u011f\u0131n d\u00fc\u015fman\u0131 olarak kalaca\u011f\u0131n\u0131 belirterek i\u015fin ilgin\u00e7 taraf\u0131n\u0131n ter\u00f6r eylemlerinden hi\u00e7 birini b\u0131rakmayan, uygulayan, te\u015fvik eden ve finanse edenin bug\u00fcn kalk\u0131p bas bas ba\u011f\u0131rarak ter\u00f6rle m\u00fccadele edece\u011fini ancak di\u011fer odada ise ter\u00f6ristlerle oturup ter\u00f6r ve ter\u00f6rist \u00e7etelerini destekledi\u011fini belirten toplant\u0131lar yapt\u0131\u011f\u0131n\u0131 &hellip;<\/p>\n","protected":false},"author":1,"featured_media":9838,"comment_status":"closed","ping_status":"closed","sticky":false,"template":"","format":"standard","meta":{"footnotes":""},"categories":[556,458,459,447,560],"tags":[2239],"class_list":["post-9837","post","type-post","status-publish","format-standard","has-post-thumbnail","","category-basin","category-dunya1","category-haberler-arap-uluslararasi-politika","category-politika","category-secme-makaleler","tag-mikdat-terore-karsi-zafer-ulkelerin-istiklal-ve-egemenligine-saygiyla-basariyi-saglar"],"_links":{"self":[{"href":"https:\/\/archive.sana.sy\/tr\/index.php?rest_route=\/wp\/v2\/posts\/9837","targetHints":{"allow":["GET"]}}],"collection":[{"href":"https:\/\/archive.sana.sy\/tr\/index.php?rest_route=\/wp\/v2\/posts"}],"about":[{"href":"https:\/\/archive.sana.sy\/tr\/index.php?rest_route=\/wp\/v2\/types\/post"}],"author":[{"embeddable":true,"href":"https:\/\/archive.sana.sy\/tr\/index.php?rest_route=\/wp\/v2\/users\/1"}],"replies":[{"embeddable":true,"href":"https:\/\/archive.sana.sy\/tr\/index.php?rest_route=%2Fwp%2Fv2%2Fcomments&post=9837"}],"version-history":[{"count":0,"href":"https:\/\/archive.sana.sy\/tr\/index.php?rest_route=\/wp\/v2\/posts\/9837\/revisions"}],"wp:featuredmedia":[{"embeddable":true,"href":"https:\/\/archive.sana.sy\/tr\/index.php?rest_route=\/wp\/v2\/media\/9838"}],"wp:attachment":[{"href":"https:\/\/archive.sana.sy\/tr\/index.php?rest_route=%2Fwp%2Fv2%2Fmedia&parent=9837"}],"wp:term":[{"taxonomy":"category","embeddable":true,"href":"https:\/\/archive.sana.sy\/tr\/index.php?rest_route=%2Fwp%2Fv2%2Fcategories&post=9837"},{"taxonomy":"post_tag","embeddable":true,"href":"https:\/\/archive.sana.sy\/tr\/index.php?rest_route=%2Fwp%2Fv2%2Ftags&post=9837"}],"curies":[{"name":"wp","href":"https:\/\/api.w.org\/{rel}","templated":true}]}}