{"id":9840,"date":"2014-09-13T10:00:04","date_gmt":"2014-09-13T07:00:04","guid":{"rendered":"http:\/\/www.sana.sy\/tr\/?p=9840"},"modified":"2014-09-13T11:15:16","modified_gmt":"2014-09-13T08:15:16","slug":"isid-ve-diger-teror-orgutlerine-karsi-savasta-ilgili-butun-taraflar-katilmalidir","status":"publish","type":"post","link":"https:\/\/archive.sana.sy\/tr\/?p=9840","title":{"rendered":"I\u015e\u0130D ve Di\u011fer Ter\u00f6r \u00d6rg\u00fctlerine Kar\u015f\u0131 Sava\u015fta \u0130lgili B\u00fct\u00fcn Taraflar Kat\u0131lmal\u0131d\u0131r"},"content":{"rendered":"<p>BEYRUT \u2013 L\u00fcbnan Parlamento Ba\u015fkan\u0131 Nebih Berri, I\u015e\u0130D ve di\u011fer ter\u00f6r \u00f6rg\u00fctlerine kar\u015f\u0131 sava\u015fta uluslararas\u0131 koalisyona b\u00fct\u00fcn ilgili \u00fclkelerin kat\u0131lmas\u0131 gere\u011fini vurgulayarak, I\u015e\u0130D\u2019I vurmak i\u00e7in s\u00f6z\u00fc ge\u00e7en uluslararas\u0131 koalisyonu \u201cm\u00fcbhem\u201d olarak nitelendirdi.<\/p>\n<p>Berri L\u00fcbnanl\u0131 el Ahbar gazetesine verdi\u011fi ve bug\u00fcn yay\u0131nlad\u0131\u011f\u0131 demecinde, ter\u00f6r\u00fcn vurulmas\u0131 i\u00e7in e\u011fer niyetler do\u011fruysa herhangi taraf\u0131n azledilmemesi zorunlulu\u011funa i\u015faret ederek, ulusal birli\u011fin L\u00fcbnan\u2019da ter\u00f6rle sava\u015f\u0131n en \u00f6nemli silah\u0131 oldu\u011funa dikkat \u00e7ekti.<\/p>\n<p>Berri: \u201cArsal da\u011flar\u0131ndaki ter\u00f6ristlerin L\u00fcbnan ordusuyla gelecek \u00e7at\u0131\u015fmaya haz\u0131rl\u0131k i\u00e7in g\u00fc\u00e7 toplama halindedirler\u201d diyerek, Irak\u2019taki siyasi geli\u015fmelere y\u00f6nelik rahatl\u0131l\u0131\u011f\u0131n\u0131 dile getirdi.<\/p>\n<p>Berri, bu uzla\u015fman\u0131n L\u00fcbnan ve b\u00fct\u00fcn b\u00f6lgeye yay\u0131lmas\u0131n\u0131 temenni etti\u011fini belirtti ve L\u00fcbnan\u2019da uzatmadan yana de\u011fil parlamento se\u00e7imlerinin yap\u0131lmas\u0131ndan yana oldu\u011funu dile getirdi.<\/p>\n","protected":false},"excerpt":{"rendered":"<p>BEYRUT \u2013 L\u00fcbnan Parlamento Ba\u015fkan\u0131 Nebih Berri, I\u015e\u0130D ve di\u011fer ter\u00f6r \u00f6rg\u00fctlerine kar\u015f\u0131 sava\u015fta uluslararas\u0131 koalisyona b\u00fct\u00fcn ilgili \u00fclkelerin kat\u0131lmas\u0131 gere\u011fini vurgulayarak, I\u015e\u0130D\u2019I vurmak i\u00e7in s\u00f6z\u00fc ge\u00e7en uluslararas\u0131 koalisyonu \u201cm\u00fcbhem\u201d olarak nitelendirdi. Berri L\u00fcbnanl\u0131 el Ahbar gazetesine verdi\u011fi ve bug\u00fcn yay\u0131nlad\u0131\u011f\u0131 demecinde, ter\u00f6r\u00fcn vurulmas\u0131 i\u00e7in e\u011fer niyetler do\u011fruysa herhangi taraf\u0131n azledilmemesi zorunlulu\u011funa i\u015faret ederek, ulusal &hellip;<\/p>\n","protected":false},"author":1,"featured_media":9842,"comment_status":"closed","ping_status":"closed","sticky":false,"template":"","format":"standard","meta":{"footnotes":""},"categories":[447,584],"tags":[],"class_list":["post-9840","post","type-post","status-publish","format-standard","has-post-thumbnail","","category-politika","category-yurtdisinda-sana-ofisleri"],"_links":{"self":[{"href":"https:\/\/archive.sana.sy\/tr\/index.php?rest_route=\/wp\/v2\/posts\/9840","targetHints":{"allow":["GET"]}}],"collection":[{"href":"https:\/\/archive.sana.sy\/tr\/index.php?rest_route=\/wp\/v2\/posts"}],"about":[{"href":"https:\/\/archive.sana.sy\/tr\/index.php?rest_route=\/wp\/v2\/types\/post"}],"author":[{"embeddable":true,"href":"https:\/\/archive.sana.sy\/tr\/index.php?rest_route=\/wp\/v2\/users\/1"}],"replies":[{"embeddable":true,"href":"https:\/\/archive.sana.sy\/tr\/index.php?rest_route=%2Fwp%2Fv2%2Fcomments&post=9840"}],"version-history":[{"count":0,"href":"https:\/\/archive.sana.sy\/tr\/index.php?rest_route=\/wp\/v2\/posts\/9840\/revisions"}],"wp:featuredmedia":[{"embeddable":true,"href":"https:\/\/archive.sana.sy\/tr\/index.php?rest_route=\/wp\/v2\/media\/9842"}],"wp:attachment":[{"href":"https:\/\/archive.sana.sy\/tr\/index.php?rest_route=%2Fwp%2Fv2%2Fmedia&parent=9840"}],"wp:term":[{"taxonomy":"category","embeddable":true,"href":"https:\/\/archive.sana.sy\/tr\/index.php?rest_route=%2Fwp%2Fv2%2Fcategories&post=9840"},{"taxonomy":"post_tag","embeddable":true,"href":"https:\/\/archive.sana.sy\/tr\/index.php?rest_route=%2Fwp%2Fv2%2Ftags&post=9840"}],"curies":[{"name":"wp","href":"https:\/\/api.w.org\/{rel}","templated":true}]}}