{"id":9845,"date":"2014-09-13T12:15:28","date_gmt":"2014-09-13T09:15:28","guid":{"rendered":"http:\/\/www.sana.sy\/tr\/?p=9845"},"modified":"2014-09-13T12:15:28","modified_gmt":"2014-09-13T09:15:28","slug":"teror-orgutlerince-abluka-altindaki-yermuk-mahallesine-645-gida-paketi-dagitildi","status":"publish","type":"post","link":"https:\/\/archive.sana.sy\/tr\/?p=9845","title":{"rendered":"Ter\u00f6r \u00d6rg\u00fctlerince Abluka Alt\u0131ndaki Yermuk Mahallesine 645 G\u0131da Paketi Da\u011f\u0131t\u0131ld\u0131"},"content":{"rendered":"<p>\u015eAM &#8211; Suriye h\u00fck\u00fcmetinin deste\u011fiyle \u0130nsani Yard\u0131m Y\u00fcksek Komitesinin kontrol\u00fcnde Arap Filistinli M\u00fclteciler Genel Kurulu ve Birle\u015fmi\u015f Milletler Filistinli M\u00fcltecilere Yard\u0131m Kurulu\u015fu UNRWA\u2019yla birlikte Yermuk mahallesinde ter\u00f6rist \u00f6rg\u00fctler taraf\u0131ndan ku\u015fatma alt\u0131nda kalan \u00e7o\u011fu Filistinli halka ekmekle birlikte son iki g\u00fcnde 645 g\u0131da sepeti halindeki insani yard\u0131mlar\u0131n\u0131 da\u011f\u0131tmay\u0131 s\u00fcrd\u00fcrd\u00fc.<\/p>\n<p>Heyet Genel M\u00fcd\u00fcr\u00fc Ali Mustafa SANA\u2019ya a\u00e7\u0131klamas\u0131nda, mahalle dahilinden \u015eam Hastanelerine ta\u015f\u0131nmak \u00fczere 2 hastal\u0131k durumunun \u00e7\u0131kar\u0131ld\u0131\u011f\u0131na i\u015faret etti. B\u00f6ylece Yermuk Mahallesinden \u015fu ana kadar \u00e7\u0131kar\u0131lan hastal\u0131k durumlar\u0131n\u0131n say\u0131s\u0131 4484\u2019\u00fc bulmu\u015f oldu.<\/p>\n<p>Mustafa, UNRWA\u2019ya ba\u011fl\u0131 sa\u011fl\u0131k ekibinin da\u011f\u0131t\u0131m mevkiinde hastalara sa\u011fl\u0131k m\u00fcdahalelerinde bulundu\u011funu ve gereken ila\u00e7lar\u0131 da\u011f\u0131tt\u0131\u011f\u0131n\u0131, Nur Hay\u0131r Derne\u011fi\u2019nin de \u00e7ocuklar\u0131 ayn\u0131 mevkide a\u015f\u0131land\u0131rd\u0131\u011f\u0131na dikkat \u00e7ekti.<\/p>\n<p>Filistin halk\u0131na destek ve yard\u0131mlar\u0131n\u0131 esirgemeyen Suriye H\u00fck\u00fcmetine \u015f\u00fckranlar\u0131n\u0131 dile getiren Mustafa, Yermuk halk\u0131 sakini Suriyeli ve Filistinlilere 30 Ocak 2014 tarihinden bu yana ula\u015ft\u0131r\u0131lan toplam yard\u0131mlar\u0131n, 48590 g\u0131da paketi ve 6949 sa\u011fl\u0131k paketine vard\u0131\u011f\u0131n\u0131 dile getirdi.<\/p>\n","protected":false},"excerpt":{"rendered":"<p>\u015eAM &#8211; Suriye h\u00fck\u00fcmetinin deste\u011fiyle \u0130nsani Yard\u0131m Y\u00fcksek Komitesinin kontrol\u00fcnde Arap Filistinli M\u00fclteciler Genel Kurulu ve Birle\u015fmi\u015f Milletler Filistinli M\u00fcltecilere Yard\u0131m Kurulu\u015fu UNRWA\u2019yla birlikte Yermuk mahallesinde ter\u00f6rist \u00f6rg\u00fctler taraf\u0131ndan ku\u015fatma alt\u0131nda kalan \u00e7o\u011fu Filistinli halka ekmekle birlikte son iki g\u00fcnde 645 g\u0131da sepeti halindeki insani yard\u0131mlar\u0131n\u0131 da\u011f\u0131tmay\u0131 s\u00fcrd\u00fcrd\u00fc. Heyet Genel M\u00fcd\u00fcr\u00fc Ali Mustafa SANA\u2019ya a\u00e7\u0131klamas\u0131nda, &hellip;<\/p>\n","protected":false},"author":1,"featured_media":9846,"comment_status":"closed","ping_status":"closed","sticky":false,"template":"","format":"standard","meta":{"footnotes":""},"categories":[479,575,478],"tags":[2241],"class_list":["post-9845","post","type-post","status-publish","format-standard","has-post-thumbnail","","category-haberler-yerel","category-olaylar-ve-gercekler","category-yerel","tag-teror-orgutlerince-abluka-altindaki-yermuk-mahallesine-645-gida-paketi-dagitildi"],"_links":{"self":[{"href":"https:\/\/archive.sana.sy\/tr\/index.php?rest_route=\/wp\/v2\/posts\/9845","targetHints":{"allow":["GET"]}}],"collection":[{"href":"https:\/\/archive.sana.sy\/tr\/index.php?rest_route=\/wp\/v2\/posts"}],"about":[{"href":"https:\/\/archive.sana.sy\/tr\/index.php?rest_route=\/wp\/v2\/types\/post"}],"author":[{"embeddable":true,"href":"https:\/\/archive.sana.sy\/tr\/index.php?rest_route=\/wp\/v2\/users\/1"}],"replies":[{"embeddable":true,"href":"https:\/\/archive.sana.sy\/tr\/index.php?rest_route=%2Fwp%2Fv2%2Fcomments&post=9845"}],"version-history":[{"count":0,"href":"https:\/\/archive.sana.sy\/tr\/index.php?rest_route=\/wp\/v2\/posts\/9845\/revisions"}],"wp:featuredmedia":[{"embeddable":true,"href":"https:\/\/archive.sana.sy\/tr\/index.php?rest_route=\/wp\/v2\/media\/9846"}],"wp:attachment":[{"href":"https:\/\/archive.sana.sy\/tr\/index.php?rest_route=%2Fwp%2Fv2%2Fmedia&parent=9845"}],"wp:term":[{"taxonomy":"category","embeddable":true,"href":"https:\/\/archive.sana.sy\/tr\/index.php?rest_route=%2Fwp%2Fv2%2Fcategories&post=9845"},{"taxonomy":"post_tag","embeddable":true,"href":"https:\/\/archive.sana.sy\/tr\/index.php?rest_route=%2Fwp%2Fv2%2Ftags&post=9845"}],"curies":[{"name":"wp","href":"https:\/\/api.w.org\/{rel}","templated":true}]}}