{"id":9851,"date":"2014-09-13T13:07:18","date_gmt":"2014-09-13T10:07:18","guid":{"rendered":"http:\/\/www.sana.sy\/tr\/?p=9851"},"modified":"2014-09-13T13:07:18","modified_gmt":"2014-09-13T10:07:18","slug":"patrik-ii-efram-obama-gorusmesinden-sonra-suriyedeki-krize-bariscil-cozum-bulmaya-davet-etti","status":"publish","type":"post","link":"https:\/\/archive.sana.sy\/tr\/?p=9851","title":{"rendered":"Patrik II. Efram Obama G\u00f6r\u00fc\u015fmesinden Sonra Suriye\u2019deki Krize Bar\u0131\u015f\u00e7\u0131l \u00c7\u00f6z\u00fcm Bulmaya Davet Etti"},"content":{"rendered":"<p>WASH\u0130NGTON \u2013 Antakya ve T\u00fcm Do\u011fu Patri\u011fi, D\u00fcnya S\u00fcryani Ortodoks Kilisesi Y\u00fcksek Ba\u015fkan\u0131 Mar \u0130gnatius II. Efram, Suriye\u2019deki krizin bar\u0131\u015f\u00e7\u0131l \u00e7\u00f6z\u00fcm bulunmas\u0131 davetini bir kez daha yineledi.<\/p>\n<p>Patrik II. Efram d\u00fcn do\u011fu patrikleriyle birlikte Beyaz Saray\u2019da Amerika Ba\u015fkan\u0131 Barack Obama ile d\u00fcn bir araya geli\u015finde, ka\u00e7\u0131r\u0131lan Halep ve \u0130skenderun ile ona ba\u011fl\u0131 Rum Ortodoks kiliselerin Metropoliti Piskopos Paul Yaz\u0131c\u0131 ile Halep S\u00fcryani Ortodoks Metropoliti Piskopos Yuhanna \u0130brahim\u2019in serbest b\u0131rak\u0131lmalar\u0131 i\u00e7in gereken b\u00fct\u00fcn yard\u0131mlar\u0131 sunmas\u0131 ile Irak\u2019\u0131n Ninova ovas\u0131ndaki b\u00fct\u00fcn H\u0131ristiyanlar i\u00e7in uluslararas\u0131 himaye talebinde bulundu.<\/p>\n<p>Heyete kat\u0131lanlar\u0131n i\u00e7inde, Antakya ve T\u00fcm Do\u011fu Rum Melkite Katolik Patri\u011fi III. Gregorios Lahham, Maruni Patri\u011fi Kardinal B\u015fara Butros el Rai, S\u00fcryani Katolik Patri\u011fi Mar \u0130gnatius II. Yusuf Yunan, Ermeni Ortodoks Katolikosu I. Aram, K\u0131bti Ortodokslar\u0131n Patri\u011fi II. Tuvadrus Alanba Angelos temsilcisi, Rum Ortodoks Patri\u011fi X. Yuhanna, Piskopos, Joseph Zahlavi, Keldani Piskoposu \u0130brahim \u0130brahim yer ald\u0131.<\/p>\n<p>Patrikler, ter\u00f6re kar\u015f\u0131 orta do\u011fuda H\u0131ristiyanlar\u0131 desteklemek hedefiyle do\u011fuda \u201cH\u0131ristiyanlar\u0131 Savunma\u201d Cemiyetinin davetiyle Amerika\u2019n\u0131n ba\u015fkenti Washington\u2019da Do\u011fu Katolik Patrikleri Konferans\u0131na kat\u0131l\u0131yor.<\/p>\n","protected":false},"excerpt":{"rendered":"<p>WASH\u0130NGTON \u2013 Antakya ve T\u00fcm Do\u011fu Patri\u011fi, D\u00fcnya S\u00fcryani Ortodoks Kilisesi Y\u00fcksek Ba\u015fkan\u0131 Mar \u0130gnatius II. Efram, Suriye\u2019deki krizin bar\u0131\u015f\u00e7\u0131l \u00e7\u00f6z\u00fcm bulunmas\u0131 davetini bir kez daha yineledi. Patrik II. Efram d\u00fcn do\u011fu patrikleriyle birlikte Beyaz Saray\u2019da Amerika Ba\u015fkan\u0131 Barack Obama ile d\u00fcn bir araya geli\u015finde, ka\u00e7\u0131r\u0131lan Halep ve \u0130skenderun ile ona ba\u011fl\u0131 Rum Ortodoks kiliselerin &hellip;<\/p>\n","protected":false},"author":1,"featured_media":9852,"comment_status":"closed","ping_status":"closed","sticky":false,"template":"","format":"standard","meta":{"footnotes":""},"categories":[458,459,447],"tags":[2243],"class_list":["post-9851","post","type-post","status-publish","format-standard","has-post-thumbnail","","category-dunya1","category-haberler-arap-uluslararasi-politika","category-politika","tag-patrik-ii-efram-obama-gorusmesinden-sonra-suriyedeki-krize-bariscil-cozum-bulmaya-davet-etti"],"_links":{"self":[{"href":"https:\/\/archive.sana.sy\/tr\/index.php?rest_route=\/wp\/v2\/posts\/9851","targetHints":{"allow":["GET"]}}],"collection":[{"href":"https:\/\/archive.sana.sy\/tr\/index.php?rest_route=\/wp\/v2\/posts"}],"about":[{"href":"https:\/\/archive.sana.sy\/tr\/index.php?rest_route=\/wp\/v2\/types\/post"}],"author":[{"embeddable":true,"href":"https:\/\/archive.sana.sy\/tr\/index.php?rest_route=\/wp\/v2\/users\/1"}],"replies":[{"embeddable":true,"href":"https:\/\/archive.sana.sy\/tr\/index.php?rest_route=%2Fwp%2Fv2%2Fcomments&post=9851"}],"version-history":[{"count":0,"href":"https:\/\/archive.sana.sy\/tr\/index.php?rest_route=\/wp\/v2\/posts\/9851\/revisions"}],"wp:featuredmedia":[{"embeddable":true,"href":"https:\/\/archive.sana.sy\/tr\/index.php?rest_route=\/wp\/v2\/media\/9852"}],"wp:attachment":[{"href":"https:\/\/archive.sana.sy\/tr\/index.php?rest_route=%2Fwp%2Fv2%2Fmedia&parent=9851"}],"wp:term":[{"taxonomy":"category","embeddable":true,"href":"https:\/\/archive.sana.sy\/tr\/index.php?rest_route=%2Fwp%2Fv2%2Fcategories&post=9851"},{"taxonomy":"post_tag","embeddable":true,"href":"https:\/\/archive.sana.sy\/tr\/index.php?rest_route=%2Fwp%2Fv2%2Ftags&post=9851"}],"curies":[{"name":"wp","href":"https:\/\/api.w.org\/{rel}","templated":true}]}}