{"id":9854,"date":"2014-09-13T13:25:12","date_gmt":"2014-09-13T10:25:12","guid":{"rendered":"http:\/\/www.sana.sy\/tr\/?p=9854"},"modified":"2014-09-13T13:25:12","modified_gmt":"2014-09-13T10:25:12","slug":"genc-millilerimiz-asya-kupasinda-ceyrek-finalde-ozbekistan-karsisinda","status":"publish","type":"post","link":"https:\/\/archive.sana.sy\/tr\/?p=9854","title":{"rendered":"Gen\u00e7 Millilerimiz Asya Kupas\u0131nda \u00c7eyrek Finalde \u00d6zbekistan Kar\u015f\u0131s\u0131nda"},"content":{"rendered":"<p>BANKOK \u2013 Tayland\u2019ta d\u00fczenlenen U 16 Asya Kupas\u0131 Finallerinde gen\u00e7 millilerimiz yar\u0131n saat 16:00\u2019da \u00d6zbekistan tak\u0131m\u0131yla \u00e7eyrek finalde kar\u015f\u0131 kar\u015f\u0131ya geliyor.<\/p>\n<p>Gen\u00e7 millilerimiz grup ma\u00e7lar\u0131ndaki son ma\u00e7lar\u0131n\u0131 \u0130ran ile oynam\u0131\u015f ve 26\u2019da Muhammed Ceddu, 40. dakikada ise Naim Gazel\u2019in att\u0131\u011f\u0131 gollere kar\u015f\u0131l\u0131k 46. dakikada \u0130ranl\u0131 Muhammed Sultani\u2019nin att\u0131\u011f\u0131 golle ma\u00e7\u0131 2-1 kazanm\u0131\u015flard\u0131.<\/p>\n<p>4. grupta Suudi Arabistan ve Katar ile berabere kalan millilerimiz son ma\u00e7\u0131nda 6 puanla lider \u0130ran\u2019a kar\u015f\u0131 galip gelerek puan\u0131n\u0131 5\u2019e y\u00fckseltmi\u015f ve gruptan ikinci olarak \u00e7eyrek finale y\u00fckselmi\u015fti.<\/p>\n<p>Gen\u00e7 Millilerimiz Asya kupas\u0131na 2002, 2006, 2008, 2010 ve 2012 y\u0131llar\u0131nda kat\u0131lm\u0131\u015f 2006 y\u0131l\u0131nda yar\u0131 finalde Tacikistan kar\u015f\u0131s\u0131nda oynam\u0131\u015f penalt\u0131larla yar\u0131 finali 5-4 kaybetmi\u015fti.<\/p>\n<p>Bu sonu\u00e7la 2007 y\u0131l\u0131nda d\u00fczenlenen d\u00fcnya kupas\u0131nda oynamaya hak kazanan millilerimiz ikinci tura y\u00fckselmi\u015f ancak \u0130ngiltere ile oynad\u0131klar\u0131 ma\u00e7\u0131 3-1 kaybetmi\u015flerdi.<\/p>\n","protected":false},"excerpt":{"rendered":"<p>BANKOK \u2013 Tayland\u2019ta d\u00fczenlenen U 16 Asya Kupas\u0131 Finallerinde gen\u00e7 millilerimiz yar\u0131n saat 16:00\u2019da \u00d6zbekistan tak\u0131m\u0131yla \u00e7eyrek finalde kar\u015f\u0131 kar\u015f\u0131ya geliyor. Gen\u00e7 millilerimiz grup ma\u00e7lar\u0131ndaki son ma\u00e7lar\u0131n\u0131 \u0130ran ile oynam\u0131\u015f ve 26\u2019da Muhammed Ceddu, 40. dakikada ise Naim Gazel\u2019in att\u0131\u011f\u0131 gollere kar\u015f\u0131l\u0131k 46. dakikada \u0130ranl\u0131 Muhammed Sultani\u2019nin att\u0131\u011f\u0131 golle ma\u00e7\u0131 2-1 kazanm\u0131\u015flard\u0131. 4. grupta Suudi &hellip;<\/p>\n","protected":false},"author":1,"featured_media":9855,"comment_status":"closed","ping_status":"closed","sticky":false,"template":"","format":"standard","meta":{"footnotes":""},"categories":[498,496],"tags":[2244],"class_list":["post-9854","post","type-post","status-publish","format-standard","has-post-thumbnail","","category-dunya-turnuvalari","category-spor","tag-genc-millilerimiz-asya-kupasinda-ceyrek-finalde-ozbekistan-karsisinda"],"_links":{"self":[{"href":"https:\/\/archive.sana.sy\/tr\/index.php?rest_route=\/wp\/v2\/posts\/9854","targetHints":{"allow":["GET"]}}],"collection":[{"href":"https:\/\/archive.sana.sy\/tr\/index.php?rest_route=\/wp\/v2\/posts"}],"about":[{"href":"https:\/\/archive.sana.sy\/tr\/index.php?rest_route=\/wp\/v2\/types\/post"}],"author":[{"embeddable":true,"href":"https:\/\/archive.sana.sy\/tr\/index.php?rest_route=\/wp\/v2\/users\/1"}],"replies":[{"embeddable":true,"href":"https:\/\/archive.sana.sy\/tr\/index.php?rest_route=%2Fwp%2Fv2%2Fcomments&post=9854"}],"version-history":[{"count":0,"href":"https:\/\/archive.sana.sy\/tr\/index.php?rest_route=\/wp\/v2\/posts\/9854\/revisions"}],"wp:featuredmedia":[{"embeddable":true,"href":"https:\/\/archive.sana.sy\/tr\/index.php?rest_route=\/wp\/v2\/media\/9855"}],"wp:attachment":[{"href":"https:\/\/archive.sana.sy\/tr\/index.php?rest_route=%2Fwp%2Fv2%2Fmedia&parent=9854"}],"wp:term":[{"taxonomy":"category","embeddable":true,"href":"https:\/\/archive.sana.sy\/tr\/index.php?rest_route=%2Fwp%2Fv2%2Fcategories&post=9854"},{"taxonomy":"post_tag","embeddable":true,"href":"https:\/\/archive.sana.sy\/tr\/index.php?rest_route=%2Fwp%2Fv2%2Ftags&post=9854"}],"curies":[{"name":"wp","href":"https:\/\/api.w.org\/{rel}","templated":true}]}}