{"id":9857,"date":"2014-09-13T15:26:53","date_gmt":"2014-09-13T12:26:53","guid":{"rendered":"http:\/\/www.sana.sy\/tr\/?p=9857"},"modified":"2014-09-15T14:31:34","modified_gmt":"2014-09-15T11:31:34","slug":"almanya-isidi-suriyede-vurmayi-reddetti","status":"publish","type":"post","link":"https:\/\/archive.sana.sy\/tr\/?p=9857","title":{"rendered":"Almanya I\u015e\u0130D\u2019i Suriye\u2019de Vurmay\u0131 Reddetti"},"content":{"rendered":"<p>BERL\u0130N \u2013 Almanya, Suriye topraklar\u0131 i\u00e7erisinde Irak ve \u015eam \u0130slam Devleti \u201cI\u015e\u0130D\u201d ter\u00f6r \u00f6rg\u00fct\u00fcne y\u00f6nelik hava sald\u0131r\u0131lar\u0131na kat\u0131lmayaca\u011f\u0131n\u0131 a\u00e7\u0131klad\u0131.<\/p>\n<p>Almanya D\u0131\u015fi\u015fleri Bakan\u0131 Frank-Walter Steinmeier, \u00fclkesinden b\u00f6yle bir hava sald\u0131r\u0131s\u0131na kat\u0131lmas\u0131\u00a0istenmedi\u011fini, davet edilse dahi kabul etmeyece\u011fini duyurdu.<\/p>\n","protected":false},"excerpt":{"rendered":"<p>BERL\u0130N \u2013 Almanya, Suriye topraklar\u0131 i\u00e7erisinde Irak ve \u015eam \u0130slam Devleti \u201cI\u015e\u0130D\u201d ter\u00f6r \u00f6rg\u00fct\u00fcne y\u00f6nelik hava sald\u0131r\u0131lar\u0131na kat\u0131lmayaca\u011f\u0131n\u0131 a\u00e7\u0131klad\u0131. Almanya D\u0131\u015fi\u015fleri Bakan\u0131 Frank-Walter Steinmeier, \u00fclkesinden b\u00f6yle bir hava sald\u0131r\u0131s\u0131na kat\u0131lmas\u0131\u00a0istenmedi\u011fini, davet edilse dahi kabul etmeyece\u011fini duyurdu.<\/p>\n","protected":false},"author":1,"featured_media":9858,"comment_status":"closed","ping_status":"closed","sticky":false,"template":"","format":"standard","meta":{"footnotes":""},"categories":[458,459,447],"tags":[2245],"class_list":["post-9857","post","type-post","status-publish","format-standard","has-post-thumbnail","","category-dunya1","category-haberler-arap-uluslararasi-politika","category-politika","tag-almanya-isidi-suriyede-vurmayi-reddetti"],"_links":{"self":[{"href":"https:\/\/archive.sana.sy\/tr\/index.php?rest_route=\/wp\/v2\/posts\/9857","targetHints":{"allow":["GET"]}}],"collection":[{"href":"https:\/\/archive.sana.sy\/tr\/index.php?rest_route=\/wp\/v2\/posts"}],"about":[{"href":"https:\/\/archive.sana.sy\/tr\/index.php?rest_route=\/wp\/v2\/types\/post"}],"author":[{"embeddable":true,"href":"https:\/\/archive.sana.sy\/tr\/index.php?rest_route=\/wp\/v2\/users\/1"}],"replies":[{"embeddable":true,"href":"https:\/\/archive.sana.sy\/tr\/index.php?rest_route=%2Fwp%2Fv2%2Fcomments&post=9857"}],"version-history":[{"count":0,"href":"https:\/\/archive.sana.sy\/tr\/index.php?rest_route=\/wp\/v2\/posts\/9857\/revisions"}],"wp:featuredmedia":[{"embeddable":true,"href":"https:\/\/archive.sana.sy\/tr\/index.php?rest_route=\/wp\/v2\/media\/9858"}],"wp:attachment":[{"href":"https:\/\/archive.sana.sy\/tr\/index.php?rest_route=%2Fwp%2Fv2%2Fmedia&parent=9857"}],"wp:term":[{"taxonomy":"category","embeddable":true,"href":"https:\/\/archive.sana.sy\/tr\/index.php?rest_route=%2Fwp%2Fv2%2Fcategories&post=9857"},{"taxonomy":"post_tag","embeddable":true,"href":"https:\/\/archive.sana.sy\/tr\/index.php?rest_route=%2Fwp%2Fv2%2Ftags&post=9857"}],"curies":[{"name":"wp","href":"https:\/\/api.w.org\/{rel}","templated":true}]}}