{"id":9860,"date":"2014-09-13T23:00:18","date_gmt":"2014-09-13T20:00:18","guid":{"rendered":"http:\/\/www.sana.sy\/tr\/?p=9860"},"modified":"2014-09-14T17:28:13","modified_gmt":"2014-09-14T14:28:13","slug":"hama-kirsalinda-terore-karsi-basarilar-devam-ediyor","status":"publish","type":"post","link":"https:\/\/archive.sana.sy\/tr\/?p=9860","title":{"rendered":"Hama K\u0131rsal\u0131nda Ter\u00f6re Kar\u015f\u0131 Ba\u015far\u0131lar Devam Ediyor"},"content":{"rendered":"<p>HAMA \u2013 Askeri bir kaynak ordu birliklerimizin Hama k\u0131rsal\u0131n\u0131n kuzeyinde tekfirci, hain ve kiral\u0131k ter\u00f6r \u00e7etelere kar\u015f\u0131 ba\u015far\u0131lar\u0131n\u0131 s\u00fcrd\u00fcrerek daha fazla k\u00f6y ve beldeyi ter\u00f6rden temizledi\u011fini belirtti.<\/p>\n<p>Kaynak vatan koruyucular\u0131m\u0131z\u0131n Tiybat el \u0130mam, Luveybida, Zovr Ebu Zeyd ve Helfaya K\u00f6pr\u00fcs\u00fc beldelerini ter\u00f6ristlerden tamamen temizleyerek b\u00f6lge halk\u0131n\u0131n g\u00fcvenli\u011fini sa\u011flad\u0131\u011f\u0131n\u0131 aktard\u0131.<\/p>\n<p>Ordu birliklerimizin s\u00f6z konusu beldelerde ter\u00f6r \u00f6rg\u00fctleri say\u0131 ve te\u00e7hizatlar\u0131yla olduk\u00e7a b\u00fcy\u00fck kay\u0131plara u\u011fratt\u0131klar\u0131n\u0131 bildiren kaynak; bomba imha ekiplerinin ter\u00f6ristlerin \u00f6zel ve kamu m\u00fclklere yerle\u015ftirdikleri \u00e7ok say\u0131da bubi tuza\u011f\u0131n\u0131 etkisiz hale getirdiklerini aktard\u0131.<\/p>\n","protected":false},"excerpt":{"rendered":"<p>HAMA \u2013 Askeri bir kaynak ordu birliklerimizin Hama k\u0131rsal\u0131n\u0131n kuzeyinde tekfirci, hain ve kiral\u0131k ter\u00f6r \u00e7etelere kar\u015f\u0131 ba\u015far\u0131lar\u0131n\u0131 s\u00fcrd\u00fcrerek daha fazla k\u00f6y ve beldeyi ter\u00f6rden temizledi\u011fini belirtti. Kaynak vatan koruyucular\u0131m\u0131z\u0131n Tiybat el \u0130mam, Luveybida, Zovr Ebu Zeyd ve Helfaya K\u00f6pr\u00fcs\u00fc beldelerini ter\u00f6ristlerden tamamen temizleyerek b\u00f6lge halk\u0131n\u0131n g\u00fcvenli\u011fini sa\u011flad\u0131\u011f\u0131n\u0131 aktard\u0131. Ordu birliklerimizin s\u00f6z konusu beldelerde ter\u00f6r &hellip;<\/p>\n","protected":false},"author":1,"featured_media":9909,"comment_status":"closed","ping_status":"closed","sticky":false,"template":"","format":"standard","meta":{"footnotes":""},"categories":[575],"tags":[2246],"class_list":["post-9860","post","type-post","status-publish","format-standard","has-post-thumbnail","","category-olaylar-ve-gercekler","tag-hama-kirsalinda-terore-karsi-basarilar-devam-ediyor"],"_links":{"self":[{"href":"https:\/\/archive.sana.sy\/tr\/index.php?rest_route=\/wp\/v2\/posts\/9860","targetHints":{"allow":["GET"]}}],"collection":[{"href":"https:\/\/archive.sana.sy\/tr\/index.php?rest_route=\/wp\/v2\/posts"}],"about":[{"href":"https:\/\/archive.sana.sy\/tr\/index.php?rest_route=\/wp\/v2\/types\/post"}],"author":[{"embeddable":true,"href":"https:\/\/archive.sana.sy\/tr\/index.php?rest_route=\/wp\/v2\/users\/1"}],"replies":[{"embeddable":true,"href":"https:\/\/archive.sana.sy\/tr\/index.php?rest_route=%2Fwp%2Fv2%2Fcomments&post=9860"}],"version-history":[{"count":0,"href":"https:\/\/archive.sana.sy\/tr\/index.php?rest_route=\/wp\/v2\/posts\/9860\/revisions"}],"wp:featuredmedia":[{"embeddable":true,"href":"https:\/\/archive.sana.sy\/tr\/index.php?rest_route=\/wp\/v2\/media\/9909"}],"wp:attachment":[{"href":"https:\/\/archive.sana.sy\/tr\/index.php?rest_route=%2Fwp%2Fv2%2Fmedia&parent=9860"}],"wp:term":[{"taxonomy":"category","embeddable":true,"href":"https:\/\/archive.sana.sy\/tr\/index.php?rest_route=%2Fwp%2Fv2%2Fcategories&post=9860"},{"taxonomy":"post_tag","embeddable":true,"href":"https:\/\/archive.sana.sy\/tr\/index.php?rest_route=%2Fwp%2Fv2%2Ftags&post=9860"}],"curies":[{"name":"wp","href":"https:\/\/api.w.org\/{rel}","templated":true}]}}