{"id":9877,"date":"2014-09-13T16:10:20","date_gmt":"2014-09-13T13:10:20","guid":{"rendered":"http:\/\/www.sana.sy\/tr\/?p=9877"},"modified":"2014-09-14T13:13:42","modified_gmt":"2014-09-14T10:13:42","slug":"teroristler-sivilleri-hedef-almaya-devam-ediyor","status":"publish","type":"post","link":"https:\/\/archive.sana.sy\/tr\/?p=9877","title":{"rendered":"Ter\u00f6ristler Sivilleri Hedef Almaya Devam Ediyor"},"content":{"rendered":"<p>\u0130LLER \u2013 Ordu birliklerimizin indirdi\u011fi a\u011f\u0131r darbeler kar\u015f\u0131s\u0131nda de\u011fi\u015fik b\u00f6lgelerde geri \u00e7ekilmek zorunda kalan ter\u00f6rist gruplar sivillere korkak sald\u0131r\u0131lar d\u00fczenleyerek kendince \u00f6\u00e7 almaya devam ediyor.<\/p>\n<p>\u015eam \u00c7evre Kent Emniyet M\u00fcd\u00fcrl\u00fc\u011f\u00fcnde bir kaynak, Kisve B\u00f6lgesindeki Derihbiyye Beldesinde ter\u00f6ristlerin bir evin yan\u0131nda kurduklar\u0131 bombay\u0131 patlatarak on sekiz ya\u015f\u0131nda bir k\u0131z\u0131 \u015fehit ettiklerini, be\u015f vatanda\u015f\u0131 yaralad\u0131klar\u0131n\u0131 ve eve maddi zarar verdiklerini bildirdi.<\/p>\n<p><span style=\"color: #0000ff\">Ceremana\u2019da Havan Mermileri Sivilleri Yaralad\u0131<\/span><\/p>\n<p>Yine \u015eam k\u0131rsal\u0131na ba\u011fl\u0131 Ceramana Beldesinde el Mezari Mahallesine ter\u00f6rist \u00e7eteler taraf\u0131ndan at\u0131lan bir havan mermisinde bir vatanda\u015f yaral\u0131 d\u00fc\u015ft\u00fc.<\/p>\n<p>\u00d6te yandan yine Ceremana\u2019ya ba\u011fl\u0131 Def el Sahr Mahallesinde iki vatanda\u015f bir havan mermisinin \u015farapnellerinden dolay\u0131 yaraland\u0131lar. Bu sald\u0131r\u0131 ter\u00f6rist \u00e7etelerin Ceremana\u2019da tekrar tekrar d\u00fczenledikleri havan mermili korkak sald\u0131r\u0131 silsilesinin bir halkas\u0131 olarak yer ald\u0131.<\/p>\n<p><span style=\"color: #0000ff\">\u0130dlib\u2019de Havan Mermileri \u00c7ocuklar\u0131 Hedef Ald\u0131<\/span><\/p>\n<p>\u0130dlib il emniyet m\u00fcd\u00fcrl\u00fc\u011f\u00fcnde bir kaynak, ter\u00f6ristlerin bug\u00fcn el Melab kav\u015fa\u011f\u0131na att\u0131klar\u0131 bir havan mermisinin bir s\u00fcr\u00fc vatanda\u015f\u0131 yaralad\u0131\u011f\u0131n\u0131, yak\u0131n ev ve arabalara maddi hasar verdi\u011fini belirtti.<\/p>\n<p>D\u00fcn ise \u00d6\u011fretmen Konutlar\u0131na d\u00fc\u015fen bir havan mermisi d\u00f6rt \u00e7ocu\u011fun yaralanmas\u0131na yol a\u00e7m\u0131\u015ft\u0131.<\/p>\n<p>&nbsp;<\/p>\n","protected":false},"excerpt":{"rendered":"<p>\u0130LLER \u2013 Ordu birliklerimizin indirdi\u011fi a\u011f\u0131r darbeler kar\u015f\u0131s\u0131nda de\u011fi\u015fik b\u00f6lgelerde geri \u00e7ekilmek zorunda kalan ter\u00f6rist gruplar sivillere korkak sald\u0131r\u0131lar d\u00fczenleyerek kendince \u00f6\u00e7 almaya devam ediyor. \u015eam \u00c7evre Kent Emniyet M\u00fcd\u00fcrl\u00fc\u011f\u00fcnde bir kaynak, Kisve B\u00f6lgesindeki Derihbiyye Beldesinde ter\u00f6ristlerin bir evin yan\u0131nda kurduklar\u0131 bombay\u0131 patlatarak on sekiz ya\u015f\u0131nda bir k\u0131z\u0131 \u015fehit ettiklerini, be\u015f vatanda\u015f\u0131 yaralad\u0131klar\u0131n\u0131 ve eve &hellip;<\/p>\n","protected":false},"author":1,"featured_media":9878,"comment_status":"closed","ping_status":"closed","sticky":false,"template":"","format":"standard","meta":{"footnotes":""},"categories":[575],"tags":[2249],"class_list":["post-9877","post","type-post","status-publish","format-standard","has-post-thumbnail","","category-olaylar-ve-gercekler","tag-teroristler-sivilleri-hedef-almaya-devam-ediyor"],"_links":{"self":[{"href":"https:\/\/archive.sana.sy\/tr\/index.php?rest_route=\/wp\/v2\/posts\/9877","targetHints":{"allow":["GET"]}}],"collection":[{"href":"https:\/\/archive.sana.sy\/tr\/index.php?rest_route=\/wp\/v2\/posts"}],"about":[{"href":"https:\/\/archive.sana.sy\/tr\/index.php?rest_route=\/wp\/v2\/types\/post"}],"author":[{"embeddable":true,"href":"https:\/\/archive.sana.sy\/tr\/index.php?rest_route=\/wp\/v2\/users\/1"}],"replies":[{"embeddable":true,"href":"https:\/\/archive.sana.sy\/tr\/index.php?rest_route=%2Fwp%2Fv2%2Fcomments&post=9877"}],"version-history":[{"count":0,"href":"https:\/\/archive.sana.sy\/tr\/index.php?rest_route=\/wp\/v2\/posts\/9877\/revisions"}],"wp:featuredmedia":[{"embeddable":true,"href":"https:\/\/archive.sana.sy\/tr\/index.php?rest_route=\/wp\/v2\/media\/9878"}],"wp:attachment":[{"href":"https:\/\/archive.sana.sy\/tr\/index.php?rest_route=%2Fwp%2Fv2%2Fmedia&parent=9877"}],"wp:term":[{"taxonomy":"category","embeddable":true,"href":"https:\/\/archive.sana.sy\/tr\/index.php?rest_route=%2Fwp%2Fv2%2Fcategories&post=9877"},{"taxonomy":"post_tag","embeddable":true,"href":"https:\/\/archive.sana.sy\/tr\/index.php?rest_route=%2Fwp%2Fv2%2Ftags&post=9877"}],"curies":[{"name":"wp","href":"https:\/\/api.w.org\/{rel}","templated":true}]}}