{"id":9916,"date":"2014-09-14T00:07:44","date_gmt":"2014-09-13T21:07:44","guid":{"rendered":"http:\/\/www.sana.sy\/tr\/?p=9916"},"modified":"2014-09-14T00:07:44","modified_gmt":"2014-09-13T21:07:44","slug":"ustun-basarililar-ulusal-merkezine-kabul-edilenlerin-listesi-yayinlandi","status":"publish","type":"post","link":"https:\/\/archive.sana.sy\/tr\/?p=9916","title":{"rendered":"\u00dcst\u00fcn Ba\u015far\u0131l\u0131lar Ulusal Merkezine Kabul Edilenlerin Listesi Yay\u0131nland\u0131"},"content":{"rendered":"<p>\u015eAM \u2013 E\u011fitim Bakanl\u0131\u011f\u0131 2014-2015 e\u011fitim \u00f6\u011fretim d\u00f6neminde Te\u015frin \u00dcniversitesinde \u00dcst\u00fcn Ba\u015far\u0131l\u0131lar Ulusal Merkezinde Lise 1. S\u0131n\u0131fa kabul edilen \u00f6\u011frencilerin listesini yay\u0131nlad\u0131.<\/p>\n<p>Liseler i\u00e7in derslerin ba\u015flama tarihinin 23 Eyl\u00fcl olarak belirlendi\u011fini a\u00e7\u0131klayan Bakanl\u0131k; \u00dcst\u00fcn Ba\u015far\u0131l\u0131lar Ulusal Merkezine kabul edilen \u00f6\u011frencilerin 21 Eyl\u00fcl tarihinde kay\u0131t i\u015flemleri i\u00e7in velileriyle birlikte merkeze gelmeleri gere\u011fine dikkat \u00e7ekti.<\/p>\n<p>Konuyla ilgili a\u00e7\u0131klama yapan E\u011fitim Bakan\u0131 Hezvan el Vez; \u00dcst\u00fcn Ba\u015far\u0131l\u0131lar Ulusal Merkezine kabul edilen \u00f6\u011frencilerin yarat\u0131c\u0131l\u0131k ve yetenekleri a\u00e7\u0131s\u0131ndan ulusal bir servet te\u015fkil etti\u011fini dile getirerek merkeze kabul edilen \u00f6\u011frencilere, yeteneklerini ve yarat\u0131c\u0131l\u0131klar\u0131n\u0131 geli\u015ftirmeleri i\u00e7in gerekli b\u00fct\u00fcn olanaklar\u0131n sunulaca\u011f\u0131n\u0131n alt\u0131n\u0131 \u00e7izdi.<\/p>\n","protected":false},"excerpt":{"rendered":"<p>\u015eAM \u2013 E\u011fitim Bakanl\u0131\u011f\u0131 2014-2015 e\u011fitim \u00f6\u011fretim d\u00f6neminde Te\u015frin \u00dcniversitesinde \u00dcst\u00fcn Ba\u015far\u0131l\u0131lar Ulusal Merkezinde Lise 1. S\u0131n\u0131fa kabul edilen \u00f6\u011frencilerin listesini yay\u0131nlad\u0131. Liseler i\u00e7in derslerin ba\u015flama tarihinin 23 Eyl\u00fcl olarak belirlendi\u011fini a\u00e7\u0131klayan Bakanl\u0131k; \u00dcst\u00fcn Ba\u015far\u0131l\u0131lar Ulusal Merkezine kabul edilen \u00f6\u011frencilerin 21 Eyl\u00fcl tarihinde kay\u0131t i\u015flemleri i\u00e7in velileriyle birlikte merkeze gelmeleri gere\u011fine dikkat \u00e7ekti. Konuyla ilgili &hellip;<\/p>\n","protected":false},"author":1,"featured_media":9917,"comment_status":"closed","ping_status":"closed","sticky":false,"template":"","format":"standard","meta":{"footnotes":""},"categories":[479,478],"tags":[2262],"class_list":["post-9916","post","type-post","status-publish","format-standard","has-post-thumbnail","","category-haberler-yerel","category-yerel","tag-ustun-basarililar-ulusal-merkezine-kabul-edilenlerin-listesi-yayinlandi"],"_links":{"self":[{"href":"https:\/\/archive.sana.sy\/tr\/index.php?rest_route=\/wp\/v2\/posts\/9916","targetHints":{"allow":["GET"]}}],"collection":[{"href":"https:\/\/archive.sana.sy\/tr\/index.php?rest_route=\/wp\/v2\/posts"}],"about":[{"href":"https:\/\/archive.sana.sy\/tr\/index.php?rest_route=\/wp\/v2\/types\/post"}],"author":[{"embeddable":true,"href":"https:\/\/archive.sana.sy\/tr\/index.php?rest_route=\/wp\/v2\/users\/1"}],"replies":[{"embeddable":true,"href":"https:\/\/archive.sana.sy\/tr\/index.php?rest_route=%2Fwp%2Fv2%2Fcomments&post=9916"}],"version-history":[{"count":0,"href":"https:\/\/archive.sana.sy\/tr\/index.php?rest_route=\/wp\/v2\/posts\/9916\/revisions"}],"wp:featuredmedia":[{"embeddable":true,"href":"https:\/\/archive.sana.sy\/tr\/index.php?rest_route=\/wp\/v2\/media\/9917"}],"wp:attachment":[{"href":"https:\/\/archive.sana.sy\/tr\/index.php?rest_route=%2Fwp%2Fv2%2Fmedia&parent=9916"}],"wp:term":[{"taxonomy":"category","embeddable":true,"href":"https:\/\/archive.sana.sy\/tr\/index.php?rest_route=%2Fwp%2Fv2%2Fcategories&post=9916"},{"taxonomy":"post_tag","embeddable":true,"href":"https:\/\/archive.sana.sy\/tr\/index.php?rest_route=%2Fwp%2Fv2%2Ftags&post=9916"}],"curies":[{"name":"wp","href":"https:\/\/api.w.org\/{rel}","templated":true}]}}