{"id":9923,"date":"2014-09-14T08:57:44","date_gmt":"2014-09-14T05:57:44","guid":{"rendered":"http:\/\/www.sana.sy\/tr\/?p=9923"},"modified":"2014-09-14T08:57:44","modified_gmt":"2014-09-14T05:57:44","slug":"ilk-ve-otra-dereceli-okullarda-yeni-egitim-ogretim-yilinda-43-milyon-ogrenci-bugun-okullara-gitti","status":"publish","type":"post","link":"https:\/\/archive.sana.sy\/tr\/?p=9923","title":{"rendered":"\u0130lk ve otra dereceli okullarda yeni e\u011fitim \u2013 \u00f6\u011fretim y\u0131l\u0131nda 4,3 milyon \u00f6\u011frenci bug\u00fcn okullara gitti."},"content":{"rendered":"<p>\u0130lk ve otra dereceli okullarda yeni e\u011fitim \u2013 \u00f6\u011fretim y\u0131l\u0131nda 4,3 milyon \u00f6\u011frenci bug\u00fcn okullara gitti.<\/p>\n","protected":false},"excerpt":{"rendered":"<p>\u0130lk ve otra dereceli okullarda yeni e\u011fitim \u2013 \u00f6\u011fretim y\u0131l\u0131nda 4,3 milyon \u00f6\u011frenci bug\u00fcn okullara gitti.<\/p>\n","protected":false},"author":1,"featured_media":0,"comment_status":"closed","ping_status":"closed","sticky":false,"template":"","format":"standard","meta":{"footnotes":""},"categories":[1],"tags":[2264,2263],"class_list":["post-9923","post","type-post","status-publish","format-standard","","category-news-not-sorted","tag-3-milyon-ogrenci-bugun-okullara-gitti","tag-ilk-ve-otra-dereceli-okullarda-yeni-egitim-ogretim-yilinda-4"],"_links":{"self":[{"href":"https:\/\/archive.sana.sy\/tr\/index.php?rest_route=\/wp\/v2\/posts\/9923","targetHints":{"allow":["GET"]}}],"collection":[{"href":"https:\/\/archive.sana.sy\/tr\/index.php?rest_route=\/wp\/v2\/posts"}],"about":[{"href":"https:\/\/archive.sana.sy\/tr\/index.php?rest_route=\/wp\/v2\/types\/post"}],"author":[{"embeddable":true,"href":"https:\/\/archive.sana.sy\/tr\/index.php?rest_route=\/wp\/v2\/users\/1"}],"replies":[{"embeddable":true,"href":"https:\/\/archive.sana.sy\/tr\/index.php?rest_route=%2Fwp%2Fv2%2Fcomments&post=9923"}],"version-history":[{"count":0,"href":"https:\/\/archive.sana.sy\/tr\/index.php?rest_route=\/wp\/v2\/posts\/9923\/revisions"}],"wp:attachment":[{"href":"https:\/\/archive.sana.sy\/tr\/index.php?rest_route=%2Fwp%2Fv2%2Fmedia&parent=9923"}],"wp:term":[{"taxonomy":"category","embeddable":true,"href":"https:\/\/archive.sana.sy\/tr\/index.php?rest_route=%2Fwp%2Fv2%2Fcategories&post=9923"},{"taxonomy":"post_tag","embeddable":true,"href":"https:\/\/archive.sana.sy\/tr\/index.php?rest_route=%2Fwp%2Fv2%2Ftags&post=9923"}],"curies":[{"name":"wp","href":"https:\/\/api.w.org\/{rel}","templated":true}]}}