{"id":99402,"date":"2016-12-24T14:58:35","date_gmt":"2016-12-24T12:58:35","guid":{"rendered":"http:\/\/www.sana.sy\/tr\/?p=99402"},"modified":"2016-12-25T14:13:53","modified_gmt":"2016-12-25T12:13:53","slug":"siddetli-catismalarda-yuksek-sayida-terorist-olduruldu","status":"publish","type":"post","link":"https:\/\/archive.sana.sy\/tr\/?p=99402","title":{"rendered":"\u015eiddetli \u00c7at\u0131\u015fmalarda Y\u00fcksek Say\u0131da Ter\u00f6rist \u00d6ld\u00fcr\u00fcld\u00fc"},"content":{"rendered":"<p>DEYREZZOR \u2013 Radikal ve hain ter\u00f6re kar\u015f\u0131 operasyonlar\u0131nda ordu birliklerimiz bug\u00fcn aralar\u0131nda az\u0131l\u0131 eleba\u015flar\u0131n bulundu\u011fu y\u00fcksek say\u0131da ter\u00f6risti ekipmanlar\u0131yla birlikte etkisiz hale getirdi.<\/p>\n<p>Askeri kaynak ordu birliklerimizin Deyrezzor Kentinin Huveyka, R\u00fc\u015fdiye, Muvazzafin, Cbeyle ve Mekabir semtleri eksenlerine ek olarak il k\u0131rsal\u0131nda Askeri Havaliman\u0131, Ravvad Tepesi, B\u011fayliye, Panorama ve Um Abbud Tepesi eksenlerinde I\u015e\u0130D\u2019li radikal ter\u00f6ristlerle \u015fiddetli \u00e7at\u0131\u015fmalara girdiklerini belirtti.<\/p>\n<p>\u015eiddetli \u00e7at\u0131\u015fmalarda radikal \u00e7etelerin t\u00fcm sald\u0131r\u0131lar\u0131n\u0131n ba\u015far\u0131yla \u00e7\u00f6kertildi\u011fini ifade eden kaynak, y\u00fcksek say\u0131da ter\u00f6ristin ara\u00e7lar\u0131 ve silahlar\u0131yla etkisiz hale getirildiklerini aktard\u0131. Kaynak \u00f6ld\u00fcr\u00fclen az\u0131l\u0131 ter\u00f6r eleba\u015flar\u0131n\u0131n aras\u0131nda I\u015e\u0130D\u2019in s\u00f6zde sald\u0131r\u0131 birlikleri komutan\u0131 \u2018Ebu Ay\u015fe\u2019 kod adl\u0131 Ahmet el Deyri ve daha ba\u015fka tehlikeli isimlerin bulundu\u011funa dikkat \u00e7ekti.<\/p>\n","protected":false},"excerpt":{"rendered":"<p>DEYREZZOR \u2013 Radikal ve hain ter\u00f6re kar\u015f\u0131 operasyonlar\u0131nda ordu birliklerimiz bug\u00fcn aralar\u0131nda az\u0131l\u0131 eleba\u015flar\u0131n bulundu\u011fu y\u00fcksek say\u0131da ter\u00f6risti ekipmanlar\u0131yla birlikte etkisiz hale getirdi. Askeri kaynak ordu birliklerimizin Deyrezzor Kentinin Huveyka, R\u00fc\u015fdiye, Muvazzafin, Cbeyle ve Mekabir semtleri eksenlerine ek olarak il k\u0131rsal\u0131nda Askeri Havaliman\u0131, Ravvad Tepesi, B\u011fayliye, Panorama ve Um Abbud Tepesi eksenlerinde I\u015e\u0130D\u2019li radikal ter\u00f6ristlerle &hellip;<\/p>\n","protected":false},"author":1,"featured_media":99404,"comment_status":"closed","ping_status":"closed","sticky":false,"template":"","format":"standard","meta":{"footnotes":""},"categories":[575,17988],"tags":[26212,26211,26210],"class_list":["post-99402","post","type-post","status-publish","format-standard","has-post-thumbnail","","category-olaylar-ve-gercekler","category-son-haberler","tag-isidli","tag-radikal-ve-hain-terore-karsi-operasyonlarinda-ordu-birliklerimiz-bugun-aralarinda-azili-elebaslarin-bulundugu-yuksek-sayida-teroristi-ekipmanlariyla-birlikte-etkisiz-hale-getirdi","tag-siddetli-catismalarda-yuksek-sayida-terorist-olduruldu"],"_links":{"self":[{"href":"https:\/\/archive.sana.sy\/tr\/index.php?rest_route=\/wp\/v2\/posts\/99402","targetHints":{"allow":["GET"]}}],"collection":[{"href":"https:\/\/archive.sana.sy\/tr\/index.php?rest_route=\/wp\/v2\/posts"}],"about":[{"href":"https:\/\/archive.sana.sy\/tr\/index.php?rest_route=\/wp\/v2\/types\/post"}],"author":[{"embeddable":true,"href":"https:\/\/archive.sana.sy\/tr\/index.php?rest_route=\/wp\/v2\/users\/1"}],"replies":[{"embeddable":true,"href":"https:\/\/archive.sana.sy\/tr\/index.php?rest_route=%2Fwp%2Fv2%2Fcomments&post=99402"}],"version-history":[{"count":0,"href":"https:\/\/archive.sana.sy\/tr\/index.php?rest_route=\/wp\/v2\/posts\/99402\/revisions"}],"wp:featuredmedia":[{"embeddable":true,"href":"https:\/\/archive.sana.sy\/tr\/index.php?rest_route=\/wp\/v2\/media\/99404"}],"wp:attachment":[{"href":"https:\/\/archive.sana.sy\/tr\/index.php?rest_route=%2Fwp%2Fv2%2Fmedia&parent=99402"}],"wp:term":[{"taxonomy":"category","embeddable":true,"href":"https:\/\/archive.sana.sy\/tr\/index.php?rest_route=%2Fwp%2Fv2%2Fcategories&post=99402"},{"taxonomy":"post_tag","embeddable":true,"href":"https:\/\/archive.sana.sy\/tr\/index.php?rest_route=%2Fwp%2Fv2%2Ftags&post=99402"}],"curies":[{"name":"wp","href":"https:\/\/api.w.org\/{rel}","templated":true}]}}