{"id":99411,"date":"2016-12-25T12:04:11","date_gmt":"2016-12-25T10:04:11","guid":{"rendered":"http:\/\/www.sana.sy\/tr\/?p=99411"},"modified":"2016-12-25T12:04:11","modified_gmt":"2016-12-25T10:04:11","slug":"sana-muhabiri-dogu-gutada-siperlenen-radikal-teroristlerin-baskent-samin-kassa-semtini-3-havan-roketiyle-hedef-aldiklarini-belirtti","status":"publish","type":"post","link":"https:\/\/archive.sana.sy\/tr\/?p=99411","title":{"rendered":"SANA muhabiri Do\u011fu \u011euta\u2019da siperlenen radikal ter\u00f6ristlerin ba\u015fkent \u015eam\u2019\u0131n Kassa Semtini 3 havan roketiyle hedef ald\u0131klar\u0131n\u0131 belirtti"},"content":{"rendered":"<p>SANA muhabiri Do\u011fu \u011euta\u2019da siperlenen radikal ter\u00f6ristlerin ba\u015fkent \u015eam\u2019\u0131n Kassa Semtini 3 havan roketiyle hedef ald\u0131klar\u0131n\u0131 belirtti<\/p>\n","protected":false},"excerpt":{"rendered":"<p>SANA muhabiri Do\u011fu \u011euta\u2019da siperlenen radikal ter\u00f6ristlerin ba\u015fkent \u015eam\u2019\u0131n Kassa Semtini 3 havan roketiyle hedef ald\u0131klar\u0131n\u0131 belirtti<\/p>\n","protected":false},"author":1,"featured_media":0,"comment_status":"closed","ping_status":"closed","sticky":false,"template":"","format":"standard","meta":{"footnotes":""},"categories":[17991],"tags":[],"class_list":["post-99411","post","type-post","status-publish","format-standard","","category-son-dakika"],"_links":{"self":[{"href":"https:\/\/archive.sana.sy\/tr\/index.php?rest_route=\/wp\/v2\/posts\/99411","targetHints":{"allow":["GET"]}}],"collection":[{"href":"https:\/\/archive.sana.sy\/tr\/index.php?rest_route=\/wp\/v2\/posts"}],"about":[{"href":"https:\/\/archive.sana.sy\/tr\/index.php?rest_route=\/wp\/v2\/types\/post"}],"author":[{"embeddable":true,"href":"https:\/\/archive.sana.sy\/tr\/index.php?rest_route=\/wp\/v2\/users\/1"}],"replies":[{"embeddable":true,"href":"https:\/\/archive.sana.sy\/tr\/index.php?rest_route=%2Fwp%2Fv2%2Fcomments&post=99411"}],"version-history":[{"count":0,"href":"https:\/\/archive.sana.sy\/tr\/index.php?rest_route=\/wp\/v2\/posts\/99411\/revisions"}],"wp:attachment":[{"href":"https:\/\/archive.sana.sy\/tr\/index.php?rest_route=%2Fwp%2Fv2%2Fmedia&parent=99411"}],"wp:term":[{"taxonomy":"category","embeddable":true,"href":"https:\/\/archive.sana.sy\/tr\/index.php?rest_route=%2Fwp%2Fv2%2Fcategories&post=99411"},{"taxonomy":"post_tag","embeddable":true,"href":"https:\/\/archive.sana.sy\/tr\/index.php?rest_route=%2Fwp%2Fv2%2Ftags&post=99411"}],"curies":[{"name":"wp","href":"https:\/\/api.w.org\/{rel}","templated":true}]}}