{"id":99449,"date":"2016-12-25T12:00:35","date_gmt":"2016-12-25T10:00:35","guid":{"rendered":"http:\/\/www.sana.sy\/tr\/?p=99449"},"modified":"2016-12-26T13:35:56","modified_gmt":"2016-12-26T11:35:56","slug":"suriyede-silah-seslerini-susturmanin-zamani-geldi","status":"publish","type":"post","link":"https:\/\/archive.sana.sy\/tr\/?p=99449","title":{"rendered":"Suriye&#8217;de Silah Seslerini Susturman\u0131n Zaman\u0131 Geldi"},"content":{"rendered":"<p>ROMA \u2013 Vatikan Papas\u0131 Francis; Suriye\u2019ye y\u00f6nelik sava\u015fa son verme ve krizin siyasi yollarla \u00e7\u00f6z\u00fclmesi \u00e7a\u011fr\u0131s\u0131nda bulunurken, Filistin, Irak, Libya ve daha ba\u015fka devletlerde de g\u00fcvenlik ve istikrar\u0131n sa\u011flanmas\u0131na davet etti.<\/p>\n<p>Roma\u2019daki Aziz Petrus Meydan\u0131nda toplanan on binlerce insan\u0131n kat\u0131l\u0131m\u0131yla d\u00fczenlenen Noel kutlamalar\u0131nda Papa Francis yapt\u0131\u011f\u0131 konu\u015fmada; Suriye&#8217;de silah seslerinin nihai bir \u015fekilde susturulmas\u0131 zaman\u0131n\u0131n geldi\u011fini vurgulad\u0131. Papa Francis uluslar aras\u0131 toplumun, Suriye&#8217;de diyalog yoluyla siyasi \u00e7\u00f6z\u00fcm sa\u011flama y\u00f6n\u00fcnde \u00e7abalar\u0131n\u0131 yo\u011funla\u015ft\u0131rmas\u0131 gerekti\u011fini kaydetti.<\/p>\n<p>Halep ahalisine insani yard\u0131mlar\u0131n ula\u015ft\u0131r\u0131lmas\u0131 \u00e7a\u011fr\u0131s\u0131nda bulunan Papa Francis, sivillerin g\u00fcvenli\u011finin sa\u011flanmas\u0131 davetinde de bulundu.<\/p>\n","protected":false},"excerpt":{"rendered":"<p>ROMA \u2013 Vatikan Papas\u0131 Francis; Suriye\u2019ye y\u00f6nelik sava\u015fa son verme ve krizin siyasi yollarla \u00e7\u00f6z\u00fclmesi \u00e7a\u011fr\u0131s\u0131nda bulunurken, Filistin, Irak, Libya ve daha ba\u015fka devletlerde de g\u00fcvenlik ve istikrar\u0131n sa\u011flanmas\u0131na davet etti. Roma\u2019daki Aziz Petrus Meydan\u0131nda toplanan on binlerce insan\u0131n kat\u0131l\u0131m\u0131yla d\u00fczenlenen Noel kutlamalar\u0131nda Papa Francis yapt\u0131\u011f\u0131 konu\u015fmada; Suriye&#8217;de silah seslerinin nihai bir \u015fekilde susturulmas\u0131 zaman\u0131n\u0131n &hellip;<\/p>\n","protected":false},"author":1,"featured_media":99493,"comment_status":"closed","ping_status":"closed","sticky":false,"template":"","format":"standard","meta":{"footnotes":""},"categories":[458,459,17988],"tags":[26228,19083,26227,18574,26226,22182,19084,19085],"class_list":["post-99449","post","type-post","status-publish","format-standard","has-post-thumbnail","","category-dunya1","category-haberler-arap-uluslararasi-politika","category-son-haberler","tag-aziz-petrus-meydani","tag-papa-francis","tag-roma","tag-suriye-krizi","tag-suriyede-silah-seslerini-susturmanin-zamani-geldi","tag-suriyede-savas","tag-vatikan","tag-vatikan-papasi"],"_links":{"self":[{"href":"https:\/\/archive.sana.sy\/tr\/index.php?rest_route=\/wp\/v2\/posts\/99449","targetHints":{"allow":["GET"]}}],"collection":[{"href":"https:\/\/archive.sana.sy\/tr\/index.php?rest_route=\/wp\/v2\/posts"}],"about":[{"href":"https:\/\/archive.sana.sy\/tr\/index.php?rest_route=\/wp\/v2\/types\/post"}],"author":[{"embeddable":true,"href":"https:\/\/archive.sana.sy\/tr\/index.php?rest_route=\/wp\/v2\/users\/1"}],"replies":[{"embeddable":true,"href":"https:\/\/archive.sana.sy\/tr\/index.php?rest_route=%2Fwp%2Fv2%2Fcomments&post=99449"}],"version-history":[{"count":0,"href":"https:\/\/archive.sana.sy\/tr\/index.php?rest_route=\/wp\/v2\/posts\/99449\/revisions"}],"wp:featuredmedia":[{"embeddable":true,"href":"https:\/\/archive.sana.sy\/tr\/index.php?rest_route=\/wp\/v2\/media\/99493"}],"wp:attachment":[{"href":"https:\/\/archive.sana.sy\/tr\/index.php?rest_route=%2Fwp%2Fv2%2Fmedia&parent=99449"}],"wp:term":[{"taxonomy":"category","embeddable":true,"href":"https:\/\/archive.sana.sy\/tr\/index.php?rest_route=%2Fwp%2Fv2%2Fcategories&post=99449"},{"taxonomy":"post_tag","embeddable":true,"href":"https:\/\/archive.sana.sy\/tr\/index.php?rest_route=%2Fwp%2Fv2%2Ftags&post=99449"}],"curies":[{"name":"wp","href":"https:\/\/api.w.org\/{rel}","templated":true}]}}