{"id":99730,"date":"2016-12-28T09:41:01","date_gmt":"2016-12-28T07:41:01","guid":{"rendered":"http:\/\/www.sana.sy\/tr\/?p=99730"},"modified":"2016-12-28T15:21:26","modified_gmt":"2016-12-28T13:21:26","slug":"askeri-kaynak-topcu-birliklerimizin-homs-kirsalinin-kuzeyi-um-sarsuh-bolgesinde-ahrar-el-sam-islami-hareketi-adi-altinda-erdogan-ve-al-suud-rejimlerine-hizmet-eden-radikal-teroristlerin-karargah-ve-ik","status":"publish","type":"post","link":"https:\/\/archive.sana.sy\/tr\/?p=99730","title":{"rendered":"Askeri kaynak top\u00e7u birliklerimizin Homs k\u0131rsal\u0131n\u0131n kuzeyi Um \u015ear\u015fuh B\u00f6lgesinde Ahrar el \u015eam \u0130slami Hareketi ad\u0131 alt\u0131nda Erdo\u011fan ve Al Suud rejimlerine hizmet eden radikal ter\u00f6ristlerin karargah ve ikmal hatlar\u0131n\u0131 yo\u011fun ate\u015fe tuttuklar\u0131n\u0131 belirtti"},"content":{"rendered":"<p>Askeri kaynak top\u00e7u birliklerimizin Homs k\u0131rsal\u0131n\u0131n kuzeyi Um \u015ear\u015fuh B\u00f6lgesinde Ahrar el \u015eam \u0130slami Hareketi ad\u0131 alt\u0131nda Erdo\u011fan ve Al Suud rejimlerine hizmet eden radikal ter\u00f6ristlerin karargah ve ikmal hatlar\u0131n\u0131 yo\u011fun ate\u015fe tuttuklar\u0131n\u0131 belirtti<\/p>\n","protected":false},"excerpt":{"rendered":"<p>Askeri kaynak top\u00e7u birliklerimizin Homs k\u0131rsal\u0131n\u0131n kuzeyi Um \u015ear\u015fuh B\u00f6lgesinde Ahrar el \u015eam \u0130slami Hareketi ad\u0131 alt\u0131nda Erdo\u011fan ve Al Suud rejimlerine hizmet eden radikal ter\u00f6ristlerin karargah ve ikmal hatlar\u0131n\u0131 yo\u011fun ate\u015fe tuttuklar\u0131n\u0131 belirtti<\/p>\n","protected":false},"author":1,"featured_media":0,"comment_status":"closed","ping_status":"closed","sticky":false,"template":"","format":"standard","meta":{"footnotes":""},"categories":[17991],"tags":[],"class_list":["post-99730","post","type-post","status-publish","format-standard","","category-son-dakika"],"_links":{"self":[{"href":"https:\/\/archive.sana.sy\/tr\/index.php?rest_route=\/wp\/v2\/posts\/99730","targetHints":{"allow":["GET"]}}],"collection":[{"href":"https:\/\/archive.sana.sy\/tr\/index.php?rest_route=\/wp\/v2\/posts"}],"about":[{"href":"https:\/\/archive.sana.sy\/tr\/index.php?rest_route=\/wp\/v2\/types\/post"}],"author":[{"embeddable":true,"href":"https:\/\/archive.sana.sy\/tr\/index.php?rest_route=\/wp\/v2\/users\/1"}],"replies":[{"embeddable":true,"href":"https:\/\/archive.sana.sy\/tr\/index.php?rest_route=%2Fwp%2Fv2%2Fcomments&post=99730"}],"version-history":[{"count":0,"href":"https:\/\/archive.sana.sy\/tr\/index.php?rest_route=\/wp\/v2\/posts\/99730\/revisions"}],"wp:attachment":[{"href":"https:\/\/archive.sana.sy\/tr\/index.php?rest_route=%2Fwp%2Fv2%2Fmedia&parent=99730"}],"wp:term":[{"taxonomy":"category","embeddable":true,"href":"https:\/\/archive.sana.sy\/tr\/index.php?rest_route=%2Fwp%2Fv2%2Fcategories&post=99730"},{"taxonomy":"post_tag","embeddable":true,"href":"https:\/\/archive.sana.sy\/tr\/index.php?rest_route=%2Fwp%2Fv2%2Ftags&post=99730"}],"curies":[{"name":"wp","href":"https:\/\/api.w.org\/{rel}","templated":true}]}}