{"id":99749,"date":"2016-12-28T16:32:51","date_gmt":"2016-12-28T14:32:51","guid":{"rendered":"http:\/\/www.sana.sy\/tr\/?p=99749"},"modified":"2016-12-29T14:56:55","modified_gmt":"2016-12-29T12:56:55","slug":"en-etkin-yol-toplumu-bilinclendirmektir","status":"publish","type":"post","link":"https:\/\/archive.sana.sy\/tr\/?p=99749","title":{"rendered":"En Etkin Yol Toplumu Bilin\u00e7lendirmektir"},"content":{"rendered":"<p>\u015eAM \u2013 Uyu\u015fturucuyla M\u00fccadele Komitesi bug\u00fcn ba\u015fkan\u0131 \u0130\u00e7i\u015fleri Bakan\u0131 Muhammed el \u015eear ba\u015fkanl\u0131\u011f\u0131nda d\u00fczenledi\u011fi oturumda, ilgili kurumlar\u0131n uyu\u015fturucu kullan\u0131m\u0131n\u0131n yay\u0131lmas\u0131n\u0131 \u00f6nleme \u00e7abalar\u0131n\u0131 masaya yat\u0131rd\u0131.<\/p>\n<p>Toplant\u0131da konu\u015fan \u0130\u00e7i\u015fleri Bakan\u0131 \u015eear; bir k\u0131s\u0131m b\u00f6lgelerde muhtelif isimler alt\u0131nda faaliyet g\u00f6steren ter\u00f6r \u00f6rg\u00fctlerin bulunmalar\u0131n\u0131n, uyu\u015fturucu kullan\u0131m\u0131n\u0131 bu b\u00f6lgelerde yayg\u0131n hale getirdi\u011fine dikkat \u00e7ekti. Bakan \u015eear bu ter\u00f6r \u00f6rg\u00fctlerin s\u0131n\u0131rlar\u0131 ve bir k\u0131s\u0131m kom\u015fu devletleri kullanarak hem uyu\u015fturucu kullan\u0131m\u0131n\u0131 hem de ticaretini yayg\u0131n hale getirdiklerine vurgu yapt\u0131.<\/p>\n<p>Bakan \u015eear Suriye ve halk\u0131n\u0131 hedef alan sava\u015f\u0131n \u00e7ok y\u00f6nl\u00fc oldu\u011funa dikkat \u00e7ekerken, bu y\u00f6nlerden birinin de toplumu par\u00e7alay\u0131p da\u011f\u0131tmak oldu\u011funu, bu ba\u011flamda da ter\u00f6r \u00f6rg\u00fctleri ve i\u015fverenleri bir k\u0131s\u0131m taraflar\u0131n uyu\u015fturucuyu muhtelif y\u00f6nleriyle kulland\u0131klar\u0131n\u0131n alt\u0131n\u0131 \u00e7izdi.<\/p>\n<p>Uyu\u015fturucu kullan\u0131m\u0131n\u0131n yay\u0131lmas\u0131 \u00f6n\u00fcne ge\u00e7mek i\u00e7in en etkin y\u00f6ntemin toplumu bu tehlikeye kar\u015f\u0131 bilin\u00e7lendirmek oldu\u011funu belirten bakan \u015eear; bu ba\u011flamda muhtelif t\u00fcr medya ara\u00e7lar\u0131n\u0131n yan\u0131 s\u0131ra e\u011fitim ve \u00f6\u011fretim kurumlar\u0131na ilaveten sivil toplum kurumlar\u0131n\u0131n kullan\u0131lmas\u0131 gere\u011fini kaydetti.<\/p>\n","protected":false},"excerpt":{"rendered":"<p>\u015eAM \u2013 Uyu\u015fturucuyla M\u00fccadele Komitesi bug\u00fcn ba\u015fkan\u0131 \u0130\u00e7i\u015fleri Bakan\u0131 Muhammed el \u015eear ba\u015fkanl\u0131\u011f\u0131nda d\u00fczenledi\u011fi oturumda, ilgili kurumlar\u0131n uyu\u015fturucu kullan\u0131m\u0131n\u0131n yay\u0131lmas\u0131n\u0131 \u00f6nleme \u00e7abalar\u0131n\u0131 masaya yat\u0131rd\u0131. Toplant\u0131da konu\u015fan \u0130\u00e7i\u015fleri Bakan\u0131 \u015eear; bir k\u0131s\u0131m b\u00f6lgelerde muhtelif isimler alt\u0131nda faaliyet g\u00f6steren ter\u00f6r \u00f6rg\u00fctlerin bulunmalar\u0131n\u0131n, uyu\u015fturucu kullan\u0131m\u0131n\u0131 bu b\u00f6lgelerde yayg\u0131n hale getirdi\u011fine dikkat \u00e7ekti. Bakan \u015eear bu ter\u00f6r \u00f6rg\u00fctlerin s\u0131n\u0131rlar\u0131 &hellip;<\/p>\n","protected":false},"author":1,"featured_media":99750,"comment_status":"closed","ping_status":"closed","sticky":false,"template":"","format":"standard","meta":{"footnotes":""},"categories":[479,17988,478],"tags":[18237,26297,18270,3486,20824,2930,26296,17039],"class_list":["post-99749","post","type-post","status-publish","format-standard","has-post-thumbnail","","category-haberler-yerel","category-son-haberler","category-yerel","tag-cihatcilar","tag-en-etkin-yol-toplumu-bilinclendirmektir","tag-esrar","tag-icisleri-bakani","tag-muhammed-el-sear","tag-teroristler","tag-uyusturucu-kullanimi","tag-uyusturucuyla-mucadele"],"_links":{"self":[{"href":"https:\/\/archive.sana.sy\/tr\/index.php?rest_route=\/wp\/v2\/posts\/99749","targetHints":{"allow":["GET"]}}],"collection":[{"href":"https:\/\/archive.sana.sy\/tr\/index.php?rest_route=\/wp\/v2\/posts"}],"about":[{"href":"https:\/\/archive.sana.sy\/tr\/index.php?rest_route=\/wp\/v2\/types\/post"}],"author":[{"embeddable":true,"href":"https:\/\/archive.sana.sy\/tr\/index.php?rest_route=\/wp\/v2\/users\/1"}],"replies":[{"embeddable":true,"href":"https:\/\/archive.sana.sy\/tr\/index.php?rest_route=%2Fwp%2Fv2%2Fcomments&post=99749"}],"version-history":[{"count":0,"href":"https:\/\/archive.sana.sy\/tr\/index.php?rest_route=\/wp\/v2\/posts\/99749\/revisions"}],"wp:featuredmedia":[{"embeddable":true,"href":"https:\/\/archive.sana.sy\/tr\/index.php?rest_route=\/wp\/v2\/media\/99750"}],"wp:attachment":[{"href":"https:\/\/archive.sana.sy\/tr\/index.php?rest_route=%2Fwp%2Fv2%2Fmedia&parent=99749"}],"wp:term":[{"taxonomy":"category","embeddable":true,"href":"https:\/\/archive.sana.sy\/tr\/index.php?rest_route=%2Fwp%2Fv2%2Fcategories&post=99749"},{"taxonomy":"post_tag","embeddable":true,"href":"https:\/\/archive.sana.sy\/tr\/index.php?rest_route=%2Fwp%2Fv2%2Ftags&post=99749"}],"curies":[{"name":"wp","href":"https:\/\/api.w.org\/{rel}","templated":true}]}}