{"id":99762,"date":"2016-12-29T09:06:33","date_gmt":"2016-12-29T07:06:33","guid":{"rendered":"http:\/\/www.sana.sy\/tr\/?p=99762"},"modified":"2016-12-30T17:14:41","modified_gmt":"2016-12-30T15:14:41","slug":"sivil-bolgelere-gaddar-saldirilari-suruyor","status":"publish","type":"post","link":"https:\/\/archive.sana.sy\/tr\/?p=99762","title":{"rendered":"Sivil B\u00f6lgelere Gaddar Sald\u0131r\u0131lar\u0131 S\u00fcr\u00fcyor"},"content":{"rendered":"<p>\u015eAM \u2013 Vahhabi Al Suud rejimine tabi \u2018Cey\u015ful \u0130slam\u2019 (\u0130slam Ordusu) ad\u0131yla bilinen radikal ter\u00f6ristler sivil yerle\u015fim alanlar\u0131na sald\u0131r\u0131lar\u0131n\u0131 s\u00fcrd\u00fcrd\u00fc.<\/p>\n<p>\u015eam Emniyet M\u00fcd\u00fcrl\u00fc\u011f\u00fcnde bir kaynak SANA\u2019ya a\u00e7\u0131klamas\u0131nda; Do\u011fu \u011euta\u2019da siperlenen radikal ter\u00f6ristlerin ba\u015fkent \u015eam\u2019\u0131n Te\u00e7hizat B\u00f6lgesini hedef ald\u0131klar\u0131 bir f\u00fczenin Cevdet el Ha\u015fimi \u0130lk\u00f6\u011fretim Okulu yak\u0131nlar\u0131nda d\u00fc\u015ft\u00fc\u011f\u00fcn\u00fc belirtti. Kaynak gaddar ter\u00f6r sald\u0131r\u0131s\u0131nda 7 vatanda\u015f\u0131n yaraland\u0131\u011f\u0131n\u0131, \u00f6zel ve kamu m\u00fclklerde maddi hasar\u0131n olu\u015ftu\u011funu kaydetti.<\/p>\n<p>Ayn\u0131 ter\u00f6r \u00e7etelerinin sabah saatlerinde ba\u015fkent \u015eam\u2019\u0131n Mezra Semtine de havan roketleriyle sald\u0131rd\u0131klar\u0131na dikkat \u00e7eken kaynak, havan roketlerinden birinin Rusya\u2019n\u0131n \u015eam B\u00fcy\u00fckel\u00e7ili\u011fi yak\u0131nlar\u0131nda d\u00fc\u015ft\u00fc\u011f\u00fcn\u00fc ifade etti. Ter\u00f6r sald\u0131r\u0131s\u0131nda 2 ki\u015finin yaraland\u0131\u011f\u0131n\u0131 aktaran kaynak, b\u00f6lgede park halinde duran 2 arac\u0131n da hasar g\u00f6rd\u00fcklerini s\u00f6zlerine ekledi.<\/p>\n<p>Kaynak ter\u00f6ristlerin d\u00fcn de Rusya B\u00fcy\u00fckel\u00e7ili\u011fine havanlarla sald\u0131rd\u0131klar\u0131n\u0131, birinin idari binalar sahas\u0131na d\u00fc\u015f\u00fcp infilak etmedi\u011fini, bir di\u011ferinin de el\u00e7ilik binas\u0131 \u00e7evresinde d\u00fc\u015ft\u00fc\u011f\u00fcne dikkat \u00e7ekerken sald\u0131r\u0131larda be\u015feri isabetlerin olmad\u0131\u011f\u0131n\u0131 kaydetti.<\/p>\n","protected":false},"excerpt":{"rendered":"<p>\u015eAM \u2013 Vahhabi Al Suud rejimine tabi \u2018Cey\u015ful \u0130slam\u2019 (\u0130slam Ordusu) ad\u0131yla bilinen radikal ter\u00f6ristler sivil yerle\u015fim alanlar\u0131na sald\u0131r\u0131lar\u0131n\u0131 s\u00fcrd\u00fcrd\u00fc. \u015eam Emniyet M\u00fcd\u00fcrl\u00fc\u011f\u00fcnde bir kaynak SANA\u2019ya a\u00e7\u0131klamas\u0131nda; Do\u011fu \u011euta\u2019da siperlenen radikal ter\u00f6ristlerin ba\u015fkent \u015eam\u2019\u0131n Te\u00e7hizat B\u00f6lgesini hedef ald\u0131klar\u0131 bir f\u00fczenin Cevdet el Ha\u015fimi \u0130lk\u00f6\u011fretim Okulu yak\u0131nlar\u0131nda d\u00fc\u015ft\u00fc\u011f\u00fcn\u00fc belirtti. Kaynak gaddar ter\u00f6r sald\u0131r\u0131s\u0131nda 7 vatanda\u015f\u0131n yaraland\u0131\u011f\u0131n\u0131, &hellip;<\/p>\n","protected":false},"author":1,"featured_media":99764,"comment_status":"closed","ping_status":"closed","sticky":false,"template":"","format":"standard","meta":{"footnotes":""},"categories":[479,575,17988,478],"tags":[21046,18237,17274,17273,13459,19632,26299,18174,19034,2733,11237],"class_list":["post-99762","post","type-post","status-publish","format-standard","has-post-thumbnail","","category-haberler-yerel","category-olaylar-ve-gercekler","category-son-haberler","category-yerel","tag-ceysul-islam","tag-cihatcilar","tag-fuze-saldirisi","tag-havan-saldirisi","tag-islam-ordusu","tag-masum-siviller","tag-sivil-bolgelere-gaddar-saldirilari-suruyor","tag-sivillere-saldiri","tag-suriyeli-muhalifler","tag-suudi-arabistan","tag-vahhabi"],"_links":{"self":[{"href":"https:\/\/archive.sana.sy\/tr\/index.php?rest_route=\/wp\/v2\/posts\/99762","targetHints":{"allow":["GET"]}}],"collection":[{"href":"https:\/\/archive.sana.sy\/tr\/index.php?rest_route=\/wp\/v2\/posts"}],"about":[{"href":"https:\/\/archive.sana.sy\/tr\/index.php?rest_route=\/wp\/v2\/types\/post"}],"author":[{"embeddable":true,"href":"https:\/\/archive.sana.sy\/tr\/index.php?rest_route=\/wp\/v2\/users\/1"}],"replies":[{"embeddable":true,"href":"https:\/\/archive.sana.sy\/tr\/index.php?rest_route=%2Fwp%2Fv2%2Fcomments&post=99762"}],"version-history":[{"count":0,"href":"https:\/\/archive.sana.sy\/tr\/index.php?rest_route=\/wp\/v2\/posts\/99762\/revisions"}],"wp:featuredmedia":[{"embeddable":true,"href":"https:\/\/archive.sana.sy\/tr\/index.php?rest_route=\/wp\/v2\/media\/99764"}],"wp:attachment":[{"href":"https:\/\/archive.sana.sy\/tr\/index.php?rest_route=%2Fwp%2Fv2%2Fmedia&parent=99762"}],"wp:term":[{"taxonomy":"category","embeddable":true,"href":"https:\/\/archive.sana.sy\/tr\/index.php?rest_route=%2Fwp%2Fv2%2Fcategories&post=99762"},{"taxonomy":"post_tag","embeddable":true,"href":"https:\/\/archive.sana.sy\/tr\/index.php?rest_route=%2Fwp%2Fv2%2Ftags&post=99762"}],"curies":[{"name":"wp","href":"https:\/\/api.w.org\/{rel}","templated":true}]}}