{"id":99789,"date":"2016-12-29T11:00:27","date_gmt":"2016-12-29T09:00:27","guid":{"rendered":"http:\/\/www.sana.sy\/tr\/?p=99789"},"modified":"2016-12-30T17:14:34","modified_gmt":"2016-12-30T15:14:34","slug":"engellilere-has-ilk-festival-duzenlendi-video","status":"publish","type":"post","link":"https:\/\/archive.sana.sy\/tr\/?p=99789","title":{"rendered":"Engellilere Has \u0130lk Festival D\u00fczenlendi (video)"},"content":{"rendered":"<p>\u015eAM \u2013 Bizler Dostuz Sivil Toplum Giri\u015fimi d\u00fcn ak\u015fam \u015eam\u2019daki Opera Salonunda engellilere has ilk festivali organize etti.<\/p>\n<p>Engelli vatanda\u015flar\u0131 esirgeme alan\u0131nda faaliyet g\u00f6steren o sivil toplum cemiyetinin kat\u0131ld\u0131\u011f\u0131 festivalde cemiyetlerin \u00e7al\u0131\u015fmalar\u0131na \u0131\u015f\u0131k tutan sanatsal g\u00f6steriler takdim edildi.<\/p>\n<p>Ard\u0131ndan muhtelif ya\u015flarda engelli vatanda\u015flar m\u00fczik ve \u015fiir dinletilerinin yan\u0131 s\u0131ra tiyatro oyunlar\u0131 takdim ettiler. Festival etkinlikleri kapsam\u0131nda ayr\u0131ca engellilerin el i\u015flemeleri ve muhtelif sanatlar\u0131n\u0131n sergilendi\u011fi bir sergi a\u00e7\u0131ld\u0131.<\/p>\n<p>Bas\u0131n mensuplar\u0131na a\u00e7\u0131klama yapan \u00c7al\u0131\u015fma ve Sosyal \u0130\u015fler Bakan\u0131 Rima el Kadiri; festivalin, engelli vatanda\u015flara hizmet veren sivil toplum kurumlar\u0131n\u0131n \u00e7al\u0131\u015fmalar\u0131na ilaveten engelli vatanda\u015flar\u0131n olanaklar\u0131 ve ba\u015far\u0131lar\u0131na \u0131\u015f\u0131k tutma ama\u00e7l\u0131 yap\u0131ld\u0131\u011f\u0131n\u0131 belirtti.<\/p>\n<p>https:\/\/www.youtube.com\/watch?v=EEY7s-FDRHE<\/p>\n","protected":false},"excerpt":{"rendered":"<p>\u015eAM \u2013 Bizler Dostuz Sivil Toplum Giri\u015fimi d\u00fcn ak\u015fam \u015eam\u2019daki Opera Salonunda engellilere has ilk festivali organize etti. Engelli vatanda\u015flar\u0131 esirgeme alan\u0131nda faaliyet g\u00f6steren o sivil toplum cemiyetinin kat\u0131ld\u0131\u011f\u0131 festivalde cemiyetlerin \u00e7al\u0131\u015fmalar\u0131na \u0131\u015f\u0131k tutan sanatsal g\u00f6steriler takdim edildi. Ard\u0131ndan muhtelif ya\u015flarda engelli vatanda\u015flar m\u00fczik ve \u015fiir dinletilerinin yan\u0131 s\u0131ra tiyatro oyunlar\u0131 takdim ettiler. Festival etkinlikleri &hellip;<\/p>\n","protected":false},"author":1,"featured_media":99799,"comment_status":"closed","ping_status":"closed","sticky":false,"template":"","format":"standard","meta":{"footnotes":""},"categories":[526,516,479,511,17988,525,478],"tags":[26306,26305],"class_list":["post-99789","post","type-post","status-publish","format-standard","has-post-thumbnail","","category-haber-ve-raporlar","category-haberler-kultur-ve-sanat","category-haberler-yerel","category-kultur-ve-sanat","category-son-haberler","category-toplum","category-yerel","tag-engellilere-has-ilk-festival-duzenlendi-video","tag-sam-bizler-dostuz-sivil-toplum-girisimi-dun-aksam-samdaki-opera-salonunda-engellilere-has-ilk-festivali-organize-etti"],"_links":{"self":[{"href":"https:\/\/archive.sana.sy\/tr\/index.php?rest_route=\/wp\/v2\/posts\/99789","targetHints":{"allow":["GET"]}}],"collection":[{"href":"https:\/\/archive.sana.sy\/tr\/index.php?rest_route=\/wp\/v2\/posts"}],"about":[{"href":"https:\/\/archive.sana.sy\/tr\/index.php?rest_route=\/wp\/v2\/types\/post"}],"author":[{"embeddable":true,"href":"https:\/\/archive.sana.sy\/tr\/index.php?rest_route=\/wp\/v2\/users\/1"}],"replies":[{"embeddable":true,"href":"https:\/\/archive.sana.sy\/tr\/index.php?rest_route=%2Fwp%2Fv2%2Fcomments&post=99789"}],"version-history":[{"count":0,"href":"https:\/\/archive.sana.sy\/tr\/index.php?rest_route=\/wp\/v2\/posts\/99789\/revisions"}],"wp:featuredmedia":[{"embeddable":true,"href":"https:\/\/archive.sana.sy\/tr\/index.php?rest_route=\/wp\/v2\/media\/99799"}],"wp:attachment":[{"href":"https:\/\/archive.sana.sy\/tr\/index.php?rest_route=%2Fwp%2Fv2%2Fmedia&parent=99789"}],"wp:term":[{"taxonomy":"category","embeddable":true,"href":"https:\/\/archive.sana.sy\/tr\/index.php?rest_route=%2Fwp%2Fv2%2Fcategories&post=99789"},{"taxonomy":"post_tag","embeddable":true,"href":"https:\/\/archive.sana.sy\/tr\/index.php?rest_route=%2Fwp%2Fv2%2Ftags&post=99789"}],"curies":[{"name":"wp","href":"https:\/\/api.w.org\/{rel}","templated":true}]}}