{"id":99800,"date":"2016-12-29T10:00:18","date_gmt":"2016-12-29T08:00:18","guid":{"rendered":"http:\/\/www.sana.sy\/tr\/?p=99800"},"modified":"2016-12-30T17:14:37","modified_gmt":"2016-12-30T15:14:37","slug":"kardeslik-ve-hosgoru-modelini-sabote-edemeyecekler-video","status":"publish","type":"post","link":"https:\/\/archive.sana.sy\/tr\/?p=99800","title":{"rendered":"Karde\u015flik ve Ho\u015fg\u00f6r\u00fc Modelini Sabote Edemeyecekler (video)"},"content":{"rendered":"<p>\u015eAM \u2013 Vak\u0131flar Bakan\u0131 Muhammed Abd\u00fcssettar el Seyid M\u00fcsl\u00fcman din adamlar\u0131ndan geni\u015f bir heyetin e\u015fli\u011finde D\u00fcnya S\u00fcryani Ortodokslar Kilisesi Y\u00fcksek Ba\u015fkan\u0131 Antakya ve T\u00fcm Do\u011fu Patri\u011fi Mar Ignatios II. Afram\u2019\u0131 \u015eam\u2019daki Mar Georgos Katedralli\u011finde ziyaret ederek Milat ve Noel bayramlar\u0131n\u0131 kutlad\u0131.<\/p>\n<p>Suriye&#8217;de M\u00fcsl\u00fcman ve H\u0131ristiyanlar\u0131n aras\u0131ndaki karde\u015flik ve ho\u015fg\u00f6r\u00fcye dikkat \u00e7eken Bakan Seyid; H\u0131ristiyanlar\u0131n be\u015fi\u011fi ve \u0130slam\u2019\u0131n yay\u0131lma noktas\u0131 Suriye&#8217;de halk\u0131n muhtelif bile\u015fenleri ve mezhepleriyle tarih boyunca oldu\u011fu gibi medeniyeti yap\u0131land\u0131rmaya devam edeceklerinin alt\u0131n\u0131 \u00e7izdi.<\/p>\n<p>Bakan Seyid radikal ter\u00f6r\u00fc edat olarak kullanan Suriye ve halk\u0131na d\u00fc\u015fman taraflar\u0131n Suriye ve halk\u0131n\u0131 da\u011f\u0131tamayaca\u011f\u0131n\u0131, alt\u0131 y\u0131la yak\u0131n s\u00fcredir bu halk\u0131n evrensel ter\u00f6re kar\u015f\u0131 \u015fanl\u0131 m\u00fccadelesi ard\u0131ndan s\u00f6z konusu taraflar\u0131n bu ger\u00e7e\u011fi kabullenmeleri gerekti\u011finin alt\u0131n\u0131 \u00e7izdi.<\/p>\n<p>Bakan Seyit ve ona e\u015flik eden din M\u00fcsl\u00fcman din adamlar\u0131 t\u00fcm H\u0131ristiyanlar\u0131n Milat ve Noel bayramlar\u0131n\u0131 kutlarken, Suriye ve halk\u0131n\u0131n ordusu ve lideri ile korunmas\u0131 i\u00e7in dua ettiler.<\/p>\n<p>Patrik II. Afram ise; Bat\u0131l\u0131 devletler ve b\u00f6lgedeki bir k\u0131s\u0131m i\u015fbirlik\u00e7i rejimlerin Suriye ve halk\u0131na y\u00f6nelik muhtelif y\u00f6nl\u00fc y\u00fcr\u00fctt\u00fckleri sava\u015fa ra\u011fmen Suriye halk\u0131n\u0131n tarih boyunca te\u015fkil etti\u011fi dinler aras\u0131 karde\u015flik ve ho\u015fg\u00f6r\u00fc modelini sabote edemediklerini, edemeyeceklerini de ifade etti.<\/p>\n<p>Patrik II. Afram Milat ve Noel Bayram\u0131n\u0131n bu y\u0131l Hz Muhammed\u2019in milad\u0131na ilaveten Halep ve halk\u0131n\u0131n d\u0131\u015f destekli radikal ter\u00f6rden kurtulmalar\u0131na e\u015f zamanl\u0131 gelmeleriyle bayram sevincinin defalarca katland\u0131\u011f\u0131na dikkat \u00e7ekti.<\/p>\n<div id='gallery-1' class='gallery galleryid-99800 gallery-columns-3 gallery-size-thumbnail'><figure class='gallery-item'>\n\t\t\t<div class='gallery-icon landscape'>\n\t\t\t\t<a href='https:\/\/archive.sana.sy\/tr\/wp-content\/uploads\/2016\/12\/8-3.jpg'><img loading=\"lazy\" decoding=\"async\" width=\"150\" height=\"84\" src=\"https:\/\/archive.sana.sy\/tr\/wp-content\/uploads\/2016\/12\/8-3-150x84.jpg\" class=\"attachment-thumbnail size-thumbnail\" alt=\"\" srcset=\"https:\/\/archive.sana.sy\/tr\/wp-content\/uploads\/2016\/12\/8-3-150x84.jpg 150w, https:\/\/archive.sana.sy\/tr\/wp-content\/uploads\/2016\/12\/8-3-300x168.jpg 300w, https:\/\/archive.sana.sy\/tr\/wp-content\/uploads\/2016\/12\/8-3.jpg 660w\" sizes=\"auto, (max-width: 150px) 100vw, 150px\" \/><\/a>\n\t\t\t<\/div><\/figure><figure class='gallery-item'>\n\t\t\t<div class='gallery-icon landscape'>\n\t\t\t\t<a href='https:\/\/archive.sana.sy\/tr\/wp-content\/uploads\/2016\/12\/1-124.jpg'><img loading=\"lazy\" decoding=\"async\" width=\"150\" height=\"75\" src=\"https:\/\/archive.sana.sy\/tr\/wp-content\/uploads\/2016\/12\/1-124-150x75.jpg\" class=\"attachment-thumbnail size-thumbnail\" alt=\"\" srcset=\"https:\/\/archive.sana.sy\/tr\/wp-content\/uploads\/2016\/12\/1-124-150x75.jpg 150w, https:\/\/archive.sana.sy\/tr\/wp-content\/uploads\/2016\/12\/1-124-300x150.jpg 300w, https:\/\/archive.sana.sy\/tr\/wp-content\/uploads\/2016\/12\/1-124.jpg 660w\" sizes=\"auto, (max-width: 150px) 100vw, 150px\" \/><\/a>\n\t\t\t<\/div><\/figure><figure class='gallery-item'>\n\t\t\t<div class='gallery-icon landscape'>\n\t\t\t\t<a href='https:\/\/archive.sana.sy\/tr\/wp-content\/uploads\/2016\/12\/2-59.jpg'><img loading=\"lazy\" decoding=\"async\" width=\"150\" height=\"84\" src=\"https:\/\/archive.sana.sy\/tr\/wp-content\/uploads\/2016\/12\/2-59-150x84.jpg\" class=\"attachment-thumbnail size-thumbnail\" alt=\"\" srcset=\"https:\/\/archive.sana.sy\/tr\/wp-content\/uploads\/2016\/12\/2-59-150x84.jpg 150w, https:\/\/archive.sana.sy\/tr\/wp-content\/uploads\/2016\/12\/2-59-300x168.jpg 300w, https:\/\/archive.sana.sy\/tr\/wp-content\/uploads\/2016\/12\/2-59.jpg 660w\" sizes=\"auto, (max-width: 150px) 100vw, 150px\" \/><\/a>\n\t\t\t<\/div><\/figure><figure class='gallery-item'>\n\t\t\t<div class='gallery-icon landscape'>\n\t\t\t\t<a href='https:\/\/archive.sana.sy\/tr\/wp-content\/uploads\/2016\/12\/4-30.jpg'><img loading=\"lazy\" decoding=\"async\" width=\"150\" height=\"84\" src=\"https:\/\/archive.sana.sy\/tr\/wp-content\/uploads\/2016\/12\/4-30-150x84.jpg\" class=\"attachment-thumbnail size-thumbnail\" alt=\"\" srcset=\"https:\/\/archive.sana.sy\/tr\/wp-content\/uploads\/2016\/12\/4-30-150x84.jpg 150w, https:\/\/archive.sana.sy\/tr\/wp-content\/uploads\/2016\/12\/4-30-300x168.jpg 300w, https:\/\/archive.sana.sy\/tr\/wp-content\/uploads\/2016\/12\/4-30.jpg 660w\" sizes=\"auto, (max-width: 150px) 100vw, 150px\" \/><\/a>\n\t\t\t<\/div><\/figure><figure class='gallery-item'>\n\t\t\t<div class='gallery-icon landscape'>\n\t\t\t\t<a href='https:\/\/archive.sana.sy\/tr\/wp-content\/uploads\/2016\/12\/5-21.jpg'><img loading=\"lazy\" decoding=\"async\" width=\"150\" height=\"84\" src=\"https:\/\/archive.sana.sy\/tr\/wp-content\/uploads\/2016\/12\/5-21-150x84.jpg\" class=\"attachment-thumbnail size-thumbnail\" alt=\"\" srcset=\"https:\/\/archive.sana.sy\/tr\/wp-content\/uploads\/2016\/12\/5-21-150x84.jpg 150w, https:\/\/archive.sana.sy\/tr\/wp-content\/uploads\/2016\/12\/5-21-300x168.jpg 300w, https:\/\/archive.sana.sy\/tr\/wp-content\/uploads\/2016\/12\/5-21.jpg 660w\" sizes=\"auto, (max-width: 150px) 100vw, 150px\" \/><\/a>\n\t\t\t<\/div><\/figure><figure class='gallery-item'>\n\t\t\t<div class='gallery-icon landscape'>\n\t\t\t\t<a href='https:\/\/archive.sana.sy\/tr\/wp-content\/uploads\/2016\/12\/6-12.jpg'><img loading=\"lazy\" decoding=\"async\" width=\"150\" height=\"99\" src=\"https:\/\/archive.sana.sy\/tr\/wp-content\/uploads\/2016\/12\/6-12-150x99.jpg\" class=\"attachment-thumbnail size-thumbnail\" alt=\"\" srcset=\"https:\/\/archive.sana.sy\/tr\/wp-content\/uploads\/2016\/12\/6-12-150x99.jpg 150w, https:\/\/archive.sana.sy\/tr\/wp-content\/uploads\/2016\/12\/6-12-300x198.jpg 300w, https:\/\/archive.sana.sy\/tr\/wp-content\/uploads\/2016\/12\/6-12-768x507.jpg 768w, https:\/\/archive.sana.sy\/tr\/wp-content\/uploads\/2016\/12\/6-12-1024x677.jpg 1024w, https:\/\/archive.sana.sy\/tr\/wp-content\/uploads\/2016\/12\/6-12-310x205.jpg 310w\" sizes=\"auto, (max-width: 150px) 100vw, 150px\" \/><\/a>\n\t\t\t<\/div><\/figure><figure class='gallery-item'>\n\t\t\t<div class='gallery-icon landscape'>\n\t\t\t\t<a href='https:\/\/archive.sana.sy\/tr\/wp-content\/uploads\/2016\/12\/7-5.jpg'><img loading=\"lazy\" decoding=\"async\" width=\"150\" height=\"84\" src=\"https:\/\/archive.sana.sy\/tr\/wp-content\/uploads\/2016\/12\/7-5-150x84.jpg\" class=\"attachment-thumbnail size-thumbnail\" alt=\"\" srcset=\"https:\/\/archive.sana.sy\/tr\/wp-content\/uploads\/2016\/12\/7-5-150x84.jpg 150w, https:\/\/archive.sana.sy\/tr\/wp-content\/uploads\/2016\/12\/7-5-300x168.jpg 300w, https:\/\/archive.sana.sy\/tr\/wp-content\/uploads\/2016\/12\/7-5.jpg 660w\" sizes=\"auto, (max-width: 150px) 100vw, 150px\" \/><\/a>\n\t\t\t<\/div><\/figure>\n\t\t<\/div>\n\n<p>https:\/\/www.youtube.com\/watch?v=KbwKGSGttPc<\/p>\n","protected":false},"excerpt":{"rendered":"<p>\u015eAM \u2013 Vak\u0131flar Bakan\u0131 Muhammed Abd\u00fcssettar el Seyid M\u00fcsl\u00fcman din adamlar\u0131ndan geni\u015f bir heyetin e\u015fli\u011finde D\u00fcnya S\u00fcryani Ortodokslar Kilisesi Y\u00fcksek Ba\u015fkan\u0131 Antakya ve T\u00fcm Do\u011fu Patri\u011fi Mar Ignatios II. Afram\u2019\u0131 \u015eam\u2019daki Mar Georgos Katedralli\u011finde ziyaret ederek Milat ve Noel bayramlar\u0131n\u0131 kutlad\u0131. Suriye&#8217;de M\u00fcsl\u00fcman ve H\u0131ristiyanlar\u0131n aras\u0131ndaki karde\u015flik ve ho\u015fg\u00f6r\u00fcye dikkat \u00e7eken Bakan Seyid; H\u0131ristiyanlar\u0131n be\u015fi\u011fi &hellip;<\/p>\n","protected":false},"author":1,"featured_media":99803,"comment_status":"closed","ping_status":"closed","sticky":false,"template":"","format":"standard","meta":{"footnotes":""},"categories":[596,479,17988,478],"tags":[26307],"class_list":["post-99800","post","type-post","status-publish","format-standard","has-post-thumbnail","","category-fotografli-raporlar","category-haberler-yerel","category-son-haberler","category-yerel","tag-kardeslik-ve-hosgoru-modelini-sabote-edemeyeceklervideo"],"_links":{"self":[{"href":"https:\/\/archive.sana.sy\/tr\/index.php?rest_route=\/wp\/v2\/posts\/99800","targetHints":{"allow":["GET"]}}],"collection":[{"href":"https:\/\/archive.sana.sy\/tr\/index.php?rest_route=\/wp\/v2\/posts"}],"about":[{"href":"https:\/\/archive.sana.sy\/tr\/index.php?rest_route=\/wp\/v2\/types\/post"}],"author":[{"embeddable":true,"href":"https:\/\/archive.sana.sy\/tr\/index.php?rest_route=\/wp\/v2\/users\/1"}],"replies":[{"embeddable":true,"href":"https:\/\/archive.sana.sy\/tr\/index.php?rest_route=%2Fwp%2Fv2%2Fcomments&post=99800"}],"version-history":[{"count":0,"href":"https:\/\/archive.sana.sy\/tr\/index.php?rest_route=\/wp\/v2\/posts\/99800\/revisions"}],"wp:featuredmedia":[{"embeddable":true,"href":"https:\/\/archive.sana.sy\/tr\/index.php?rest_route=\/wp\/v2\/media\/99803"}],"wp:attachment":[{"href":"https:\/\/archive.sana.sy\/tr\/index.php?rest_route=%2Fwp%2Fv2%2Fmedia&parent=99800"}],"wp:term":[{"taxonomy":"category","embeddable":true,"href":"https:\/\/archive.sana.sy\/tr\/index.php?rest_route=%2Fwp%2Fv2%2Fcategories&post=99800"},{"taxonomy":"post_tag","embeddable":true,"href":"https:\/\/archive.sana.sy\/tr\/index.php?rest_route=%2Fwp%2Fv2%2Ftags&post=99800"}],"curies":[{"name":"wp","href":"https:\/\/api.w.org\/{rel}","templated":true}]}}