{"id":99958,"date":"2016-12-31T09:00:42","date_gmt":"2016-12-31T07:00:42","guid":{"rendered":"http:\/\/www.sana.sy\/tr\/?p=99958"},"modified":"2017-01-01T14:26:26","modified_gmt":"2017-01-01T12:26:26","slug":"oneriler-isiginda-degisiklikler-yapilacak","status":"publish","type":"post","link":"https:\/\/archive.sana.sy\/tr\/?p=99958","title":{"rendered":"\u00d6neriler I\u015f\u0131\u011f\u0131nda De\u011fi\u015fiklikler Yap\u0131lacak"},"content":{"rendered":"<p>NEW YORK \u2013 Rusya\u2019n\u0131n BM Daimi Temsilcisi Vitaly Churkin; Rusya\u2019n\u0131n, Suriye&#8217;de \u00e7at\u0131\u015fmalar\u0131n durdurulmas\u0131 konusunda Birle\u015fmi\u015f Milletler G\u00fcvenlik Konseyine (BMGK) sunulan karar tasar\u0131s\u0131n\u0131n metninde BMGK \u00fcyelerinin bulunduklar\u0131 \u00f6neriler \u0131\u015f\u0131\u011f\u0131nda bir k\u0131s\u0131m de\u011fi\u015fiklikler yapmakta oldu\u011funu belirtti.<\/p>\n<p>Churkin yapt\u0131\u011f\u0131 bas\u0131n a\u00e7\u0131klamalar\u0131nda BMGK\u2019nin d\u00fczenledi\u011fi kapal\u0131 oturumda yap\u0131lan tart\u0131\u015fmalar ve sunulan \u00f6nerilerin olumlu ve yap\u0131c\u0131 oldu\u011funa dikkat \u00e7ekti. Rus heyetin oturumda di\u011fer heyetlerin sorular\u0131n\u0131 cevaplad\u0131\u011f\u0131n\u0131 ifade eden Churkin; Suriye&#8217;de \u00e7at\u0131\u015fmalar\u0131n durdurulmas\u0131 i\u00e7in sa\u011flanan anla\u015fman\u0131n ayr\u0131nt\u0131lar\u0131 hakk\u0131nda da bilgi aktard\u0131\u011f\u0131n\u0131 kaydetti.<\/p>\n<p>Churkin karar tasar\u0131s\u0131n\u0131n yar\u0131n sabah BMGK\u2019de oylamaya sunulaca\u011f\u0131n\u0131 a\u00e7\u0131klad\u0131.<\/p>\n","protected":false},"excerpt":{"rendered":"<p>NEW YORK \u2013 Rusya\u2019n\u0131n BM Daimi Temsilcisi Vitaly Churkin; Rusya\u2019n\u0131n, Suriye&#8217;de \u00e7at\u0131\u015fmalar\u0131n durdurulmas\u0131 konusunda Birle\u015fmi\u015f Milletler G\u00fcvenlik Konseyine (BMGK) sunulan karar tasar\u0131s\u0131n\u0131n metninde BMGK \u00fcyelerinin bulunduklar\u0131 \u00f6neriler \u0131\u015f\u0131\u011f\u0131nda bir k\u0131s\u0131m de\u011fi\u015fiklikler yapmakta oldu\u011funu belirtti. Churkin yapt\u0131\u011f\u0131 bas\u0131n a\u00e7\u0131klamalar\u0131nda BMGK\u2019nin d\u00fczenledi\u011fi kapal\u0131 oturumda yap\u0131lan tart\u0131\u015fmalar ve sunulan \u00f6nerilerin olumlu ve yap\u0131c\u0131 oldu\u011funa dikkat \u00e7ekti. Rus heyetin &hellip;<\/p>\n","protected":false},"author":1,"featured_media":99955,"comment_status":"closed","ping_status":"closed","sticky":false,"template":"","format":"standard","meta":{"footnotes":""},"categories":[458,459,17988],"tags":[20897,26333,16592,20346,11549,26334,22182],"class_list":["post-99958","post","type-post","status-publish","format-standard","has-post-thumbnail","","category-dunya1","category-haberler-arap-uluslararasi-politika","category-son-haberler","tag-bmgk","tag-oneriler-isiginda-degisiklikler-yapilacak","tag-rusya","tag-rusyanin-bm-daimi-temsilcisi-vitaly-churkin","tag-suriye-ordusu","tag-suriyedr-don-durum","tag-suriyede-savas"],"_links":{"self":[{"href":"https:\/\/archive.sana.sy\/tr\/index.php?rest_route=\/wp\/v2\/posts\/99958","targetHints":{"allow":["GET"]}}],"collection":[{"href":"https:\/\/archive.sana.sy\/tr\/index.php?rest_route=\/wp\/v2\/posts"}],"about":[{"href":"https:\/\/archive.sana.sy\/tr\/index.php?rest_route=\/wp\/v2\/types\/post"}],"author":[{"embeddable":true,"href":"https:\/\/archive.sana.sy\/tr\/index.php?rest_route=\/wp\/v2\/users\/1"}],"replies":[{"embeddable":true,"href":"https:\/\/archive.sana.sy\/tr\/index.php?rest_route=%2Fwp%2Fv2%2Fcomments&post=99958"}],"version-history":[{"count":0,"href":"https:\/\/archive.sana.sy\/tr\/index.php?rest_route=\/wp\/v2\/posts\/99958\/revisions"}],"wp:featuredmedia":[{"embeddable":true,"href":"https:\/\/archive.sana.sy\/tr\/index.php?rest_route=\/wp\/v2\/media\/99955"}],"wp:attachment":[{"href":"https:\/\/archive.sana.sy\/tr\/index.php?rest_route=%2Fwp%2Fv2%2Fmedia&parent=99958"}],"wp:term":[{"taxonomy":"category","embeddable":true,"href":"https:\/\/archive.sana.sy\/tr\/index.php?rest_route=%2Fwp%2Fv2%2Fcategories&post=99958"},{"taxonomy":"post_tag","embeddable":true,"href":"https:\/\/archive.sana.sy\/tr\/index.php?rest_route=%2Fwp%2Fv2%2Ftags&post=99958"}],"curies":[{"name":"wp","href":"https:\/\/api.w.org\/{rel}","templated":true}]}}