{"id":99968,"date":"2016-12-31T09:45:31","date_gmt":"2016-12-31T07:45:31","guid":{"rendered":"http:\/\/www.sana.sy\/tr\/?p=99968"},"modified":"2016-12-31T13:50:02","modified_gmt":"2016-12-31T11:50:02","slug":"ab-memnuniyetle-karsiliyor","status":"publish","type":"post","link":"https:\/\/archive.sana.sy\/tr\/?p=99968","title":{"rendered":"AB Memnuniyetle Kar\u015f\u0131l\u0131yor"},"content":{"rendered":"<p>BR\u00dcKSEL \u2013 Avrupa Birli\u011fi D\u0131\u015f \u0130li\u015fkiler ve G\u00fcvenlik Politikas\u0131 Komiseri Federica Mogherini Suriye&#8217;de \u00e7at\u0131\u015fmalar\u0131n durdurulmas\u0131 ilan\u0131 ve Suriye&#8217;deki krize siyasi \u00e7\u00f6z\u00fcm bulunmas\u0131 ama\u00e7l\u0131 olarak Kazakistan\u2019\u0131n ba\u015fkenti Astana\u2019da yap\u0131lacak g\u00f6r\u00fc\u015fmelerin AB taraf\u0131ndan emmnuniyetle kar\u015f\u0131land\u0131\u011f\u0131n\u0131 ilan etti.<\/p>\n<p>Mogherini yapt\u0131\u011f\u0131 bas\u0131n a\u00e7\u0131klamalar\u0131nda; t\u00fcm taraflar\u0131n \u00e7at\u0131\u015fmalar\u0131n durdurulmas\u0131 anla\u015fmas\u0131na ba\u011fl\u0131 kalmalar\u0131 gere\u011fine dikkat \u00e7ekerken, siyasi \u00e7\u00f6z\u00fcm g\u00f6r\u00fc\u015fmelerinin BM denetimi alt\u0131nda olumlu sonu\u00e7lar getirmesi temennisinde bulundu.<\/p>\n<p>Daha \u00f6nce de ABD, \u00c7in ve daha bir\u00e7ok \u00fclke ve uluslar aras\u0131 \u00f6rg\u00fct Suriye&#8217;de ilan edilen \u00e7at\u0131\u015fmalar\u0131n durdurulmas\u0131 anla\u015fmas\u0131 ve Astana\u2019da siyasi \u00e7\u00f6z\u00fcm g\u00f6r\u00fc\u015fmelerinin ba\u015flamas\u0131n\u0131 memnuniyetle kar\u015f\u0131lad\u0131klar\u0131n\u0131 ifade etmi\u015flerdi.<\/p>\n","protected":false},"excerpt":{"rendered":"<p>BR\u00dcKSEL \u2013 Avrupa Birli\u011fi D\u0131\u015f \u0130li\u015fkiler ve G\u00fcvenlik Politikas\u0131 Komiseri Federica Mogherini Suriye&#8217;de \u00e7at\u0131\u015fmalar\u0131n durdurulmas\u0131 ilan\u0131 ve Suriye&#8217;deki krize siyasi \u00e7\u00f6z\u00fcm bulunmas\u0131 ama\u00e7l\u0131 olarak Kazakistan\u2019\u0131n ba\u015fkenti Astana\u2019da yap\u0131lacak g\u00f6r\u00fc\u015fmelerin AB taraf\u0131ndan emmnuniyetle kar\u015f\u0131land\u0131\u011f\u0131n\u0131 ilan etti. Mogherini yapt\u0131\u011f\u0131 bas\u0131n a\u00e7\u0131klamalar\u0131nda; t\u00fcm taraflar\u0131n \u00e7at\u0131\u015fmalar\u0131n durdurulmas\u0131 anla\u015fmas\u0131na ba\u011fl\u0131 kalmalar\u0131 gere\u011fine dikkat \u00e7ekerken, siyasi \u00e7\u00f6z\u00fcm g\u00f6r\u00fc\u015fmelerinin BM denetimi alt\u0131nda &hellip;<\/p>\n","protected":false},"author":1,"featured_media":99969,"comment_status":"closed","ping_status":"closed","sticky":false,"template":"","format":"standard","meta":{"footnotes":""},"categories":[458,459,17988],"tags":[26337,1381,26340,4349,26339,26338,19174,22182],"class_list":["post-99968","post","type-post","status-publish","format-standard","has-post-thumbnail","","category-dunya1","category-haberler-arap-uluslararasi-politika","category-son-haberler","tag-ab-memnuniyetle-karsiliyor","tag-abd","tag-bruksel","tag-cin","tag-guvenlik-politikasi-komiseri-federica-mogheri","tag-kazakistanin-baskenti-astana","tag-suriyede-son-durumlar","tag-suriyede-savas"],"_links":{"self":[{"href":"https:\/\/archive.sana.sy\/tr\/index.php?rest_route=\/wp\/v2\/posts\/99968","targetHints":{"allow":["GET"]}}],"collection":[{"href":"https:\/\/archive.sana.sy\/tr\/index.php?rest_route=\/wp\/v2\/posts"}],"about":[{"href":"https:\/\/archive.sana.sy\/tr\/index.php?rest_route=\/wp\/v2\/types\/post"}],"author":[{"embeddable":true,"href":"https:\/\/archive.sana.sy\/tr\/index.php?rest_route=\/wp\/v2\/users\/1"}],"replies":[{"embeddable":true,"href":"https:\/\/archive.sana.sy\/tr\/index.php?rest_route=%2Fwp%2Fv2%2Fcomments&post=99968"}],"version-history":[{"count":0,"href":"https:\/\/archive.sana.sy\/tr\/index.php?rest_route=\/wp\/v2\/posts\/99968\/revisions"}],"wp:featuredmedia":[{"embeddable":true,"href":"https:\/\/archive.sana.sy\/tr\/index.php?rest_route=\/wp\/v2\/media\/99969"}],"wp:attachment":[{"href":"https:\/\/archive.sana.sy\/tr\/index.php?rest_route=%2Fwp%2Fv2%2Fmedia&parent=99968"}],"wp:term":[{"taxonomy":"category","embeddable":true,"href":"https:\/\/archive.sana.sy\/tr\/index.php?rest_route=%2Fwp%2Fv2%2Fcategories&post=99968"},{"taxonomy":"post_tag","embeddable":true,"href":"https:\/\/archive.sana.sy\/tr\/index.php?rest_route=%2Fwp%2Fv2%2Ftags&post=99968"}],"curies":[{"name":"wp","href":"https:\/\/api.w.org\/{rel}","templated":true}]}}