{"id":99971,"date":"2016-12-31T10:00:08","date_gmt":"2016-12-31T08:00:08","guid":{"rendered":"http:\/\/www.sana.sy\/tr\/?p=99971"},"modified":"2016-12-31T13:23:36","modified_gmt":"2016-12-31T11:23:36","slug":"geleceklerinin-belirlenmesinde-dusman-rolune-izin-vermeyecek","status":"publish","type":"post","link":"https:\/\/archive.sana.sy\/tr\/?p=99971","title":{"rendered":"Geleceklerinin Belirlenmesinde D\u00fc\u015fman Rol\u00fcne \u0130zin Vermeyecek"},"content":{"rendered":"<p>TAHRAN \u2013 \u0130ran Devrim Muhaf\u0131zlar\u0131nda Halkla \u0130li\u015fkiler Sorumlusu Tu\u011fgeneral Ramazan \u015eerif; Suriye ve m\u00fcttefiklerinin, b\u00f6lge devletlerini par\u00e7alama ve zay\u0131flatma ama\u00e7l\u0131 ter\u00f6r ve destek\u00e7ilerine kar\u015f\u0131 sava\u015ft\u0131\u011f\u0131n\u0131 belirtti.<\/p>\n<p>\u0130ranl\u0131 tensim haber Ajans\u0131na a\u00e7\u0131klama yapan \u015eerif; bir k\u0131s\u0131m b\u00f6lge devletlerinin bu sava\u015fta oynad\u0131klar\u0131 rol ve Suriye halk\u0131na y\u00f6nelik kanl\u0131 d\u00fc\u015fmanl\u0131klar\u0131na dikkat \u00e7ekti. \u015eerif Suriye halk\u0131n\u0131n kendi gelece\u011fini belirlemede d\u00fc\u015fmanlar\u0131n\u0131n rol\u00fc olmas\u0131na izin vermeyece\u011finin alt\u0131n\u0131 \u00e7izdi.<\/p>\n","protected":false},"excerpt":{"rendered":"<p>TAHRAN \u2013 \u0130ran Devrim Muhaf\u0131zlar\u0131nda Halkla \u0130li\u015fkiler Sorumlusu Tu\u011fgeneral Ramazan \u015eerif; Suriye ve m\u00fcttefiklerinin, b\u00f6lge devletlerini par\u00e7alama ve zay\u0131flatma ama\u00e7l\u0131 ter\u00f6r ve destek\u00e7ilerine kar\u015f\u0131 sava\u015ft\u0131\u011f\u0131n\u0131 belirtti. \u0130ranl\u0131 tensim haber Ajans\u0131na a\u00e7\u0131klama yapan \u015eerif; bir k\u0131s\u0131m b\u00f6lge devletlerinin bu sava\u015fta oynad\u0131klar\u0131 rol ve Suriye halk\u0131na y\u00f6nelik kanl\u0131 d\u00fc\u015fmanl\u0131klar\u0131na dikkat \u00e7ekti. \u015eerif Suriye halk\u0131n\u0131n kendi gelece\u011fini belirlemede &hellip;<\/p>\n","protected":false},"author":1,"featured_media":99972,"comment_status":"closed","ping_status":"closed","sticky":false,"template":"","format":"standard","meta":{"footnotes":""},"categories":[1],"tags":[26341,26342,26344,26343],"class_list":["post-99971","post","type-post","status-publish","format-standard","has-post-thumbnail","","category-news-not-sorted","tag-geleceklerinin-belirlenmesinde-dusman-rolune-izin-vermeyecek","tag-iran-devrim-muhafizlarinda-halkla-iliskiler-sorumlusu-tuggeneral-ramazan-serif","tag-iranli-tensim-haber-ajansi","tag-suriye-ve-muttefikleri"],"_links":{"self":[{"href":"https:\/\/archive.sana.sy\/tr\/index.php?rest_route=\/wp\/v2\/posts\/99971","targetHints":{"allow":["GET"]}}],"collection":[{"href":"https:\/\/archive.sana.sy\/tr\/index.php?rest_route=\/wp\/v2\/posts"}],"about":[{"href":"https:\/\/archive.sana.sy\/tr\/index.php?rest_route=\/wp\/v2\/types\/post"}],"author":[{"embeddable":true,"href":"https:\/\/archive.sana.sy\/tr\/index.php?rest_route=\/wp\/v2\/users\/1"}],"replies":[{"embeddable":true,"href":"https:\/\/archive.sana.sy\/tr\/index.php?rest_route=%2Fwp%2Fv2%2Fcomments&post=99971"}],"version-history":[{"count":0,"href":"https:\/\/archive.sana.sy\/tr\/index.php?rest_route=\/wp\/v2\/posts\/99971\/revisions"}],"wp:featuredmedia":[{"embeddable":true,"href":"https:\/\/archive.sana.sy\/tr\/index.php?rest_route=\/wp\/v2\/media\/99972"}],"wp:attachment":[{"href":"https:\/\/archive.sana.sy\/tr\/index.php?rest_route=%2Fwp%2Fv2%2Fmedia&parent=99971"}],"wp:term":[{"taxonomy":"category","embeddable":true,"href":"https:\/\/archive.sana.sy\/tr\/index.php?rest_route=%2Fwp%2Fv2%2Fcategories&post=99971"},{"taxonomy":"post_tag","embeddable":true,"href":"https:\/\/archive.sana.sy\/tr\/index.php?rest_route=%2Fwp%2Fv2%2Ftags&post=99971"}],"curies":[{"name":"wp","href":"https:\/\/api.w.org\/{rel}","templated":true}]}}