{"id":99998,"date":"2016-12-31T10:00:45","date_gmt":"2016-12-31T08:00:45","guid":{"rendered":"http:\/\/www.sana.sy\/tr\/?p=99998"},"modified":"2017-01-01T14:26:37","modified_gmt":"2017-01-01T12:26:37","slug":"muallim-zarfi-ile-gorustu","status":"publish","type":"post","link":"https:\/\/archive.sana.sy\/tr\/?p=99998","title":{"rendered":"Muallim Zarfi ile G\u00f6r\u00fc\u015ft\u00fc"},"content":{"rendered":"<p>TAHRAN \u2013 Ba\u015fbakan Yard\u0131mc\u0131s\u0131 D\u0131\u015fi\u015fleri ve Gurbet\u00e7iler Bakan\u0131 Velid el Muallim Tahran\u2019a bulundu\u011fu i\u015f gezisi \u00e7er\u00e7evesinde bug\u00fcn \u0130ran D\u0131\u015fi\u015fleri Bakan\u0131 Muhammed Cevat Zarif ile temaslarda bulundu.<\/p>\n<p>\u0130ranl\u0131 yetkililerle bir dizi temaslarda bulunmak \u00fczere bug\u00fcn Tahran\u2019a ula\u015fan Muallim Zarif ile g\u00f6r\u00fc\u015fmesinde Suriye&#8217;deki krizin ve \u00e7\u00f6z\u00fcm \u00e7abalar\u0131na ili\u015fkin son geli\u015fmeleri masaya yat\u0131rd\u0131.<\/p>\n","protected":false},"excerpt":{"rendered":"<p>TAHRAN \u2013 Ba\u015fbakan Yard\u0131mc\u0131s\u0131 D\u0131\u015fi\u015fleri ve Gurbet\u00e7iler Bakan\u0131 Velid el Muallim Tahran\u2019a bulundu\u011fu i\u015f gezisi \u00e7er\u00e7evesinde bug\u00fcn \u0130ran D\u0131\u015fi\u015fleri Bakan\u0131 Muhammed Cevat Zarif ile temaslarda bulundu. \u0130ranl\u0131 yetkililerle bir dizi temaslarda bulunmak \u00fczere bug\u00fcn Tahran\u2019a ula\u015fan Muallim Zarif ile g\u00f6r\u00fc\u015fmesinde Suriye&#8217;deki krizin ve \u00e7\u00f6z\u00fcm \u00e7abalar\u0131na ili\u015fkin son geli\u015fmeleri masaya yat\u0131rd\u0131.<\/p>\n","protected":false},"author":1,"featured_media":99999,"comment_status":"closed","ping_status":"closed","sticky":false,"template":"","format":"standard","meta":{"footnotes":""},"categories":[458,459,17988],"tags":[26362,26363],"class_list":["post-99998","post","type-post","status-publish","format-standard","has-post-thumbnail","","category-dunya1","category-haberler-arap-uluslararasi-politika","category-son-haberler","tag-muallim-zarfi-ile-gorustu","tag-tahran-basbakan-yardimcisi-disisleri-ve-gurbetciler-bakani-velid-el-muallim-tahrana-bulundugu-is-gezisi-cercevesinde-bugun-iran-disisleri-bakani-muhammed-cevat-zarif-ile-temaslarda"],"_links":{"self":[{"href":"https:\/\/archive.sana.sy\/tr\/index.php?rest_route=\/wp\/v2\/posts\/99998","targetHints":{"allow":["GET"]}}],"collection":[{"href":"https:\/\/archive.sana.sy\/tr\/index.php?rest_route=\/wp\/v2\/posts"}],"about":[{"href":"https:\/\/archive.sana.sy\/tr\/index.php?rest_route=\/wp\/v2\/types\/post"}],"author":[{"embeddable":true,"href":"https:\/\/archive.sana.sy\/tr\/index.php?rest_route=\/wp\/v2\/users\/1"}],"replies":[{"embeddable":true,"href":"https:\/\/archive.sana.sy\/tr\/index.php?rest_route=%2Fwp%2Fv2%2Fcomments&post=99998"}],"version-history":[{"count":0,"href":"https:\/\/archive.sana.sy\/tr\/index.php?rest_route=\/wp\/v2\/posts\/99998\/revisions"}],"wp:featuredmedia":[{"embeddable":true,"href":"https:\/\/archive.sana.sy\/tr\/index.php?rest_route=\/wp\/v2\/media\/99999"}],"wp:attachment":[{"href":"https:\/\/archive.sana.sy\/tr\/index.php?rest_route=%2Fwp%2Fv2%2Fmedia&parent=99998"}],"wp:term":[{"taxonomy":"category","embeddable":true,"href":"https:\/\/archive.sana.sy\/tr\/index.php?rest_route=%2Fwp%2Fv2%2Fcategories&post=99998"},{"taxonomy":"post_tag","embeddable":true,"href":"https:\/\/archive.sana.sy\/tr\/index.php?rest_route=%2Fwp%2Fv2%2Ftags&post=99998"}],"curies":[{"name":"wp","href":"https:\/\/api.w.org\/{rel}","templated":true}]}}